{"id":4660,"date":"2008-11-20T14:00:00","date_gmt":"2008-11-20T14:00:00","guid":{"rendered":"http:\/\/ricardoreisdasilva.org\/dopedidoaoaltar\/2008\/11\/20\/casamento-informal\/"},"modified":"2016-11-18T19:01:55","modified_gmt":"2016-11-18T19:01:55","slug":"casamento-informal","status":"publish","type":"post","link":"https:\/\/dopedidoaoaltar.com\/en\/2008\/11\/20\/casamento-informal\/","title":{"rendered":"Casamento Informal."},"content":{"rendered":"<p><a href=\"http:\/\/4.bp.blogspot.com\/_f3uFQSpE__s\/SSVxpuXSLLI\/AAAAAAAAAe8\/uxplyHGP5RM\/s1600-h\/cora%C3%A7%C3%A3o.jpg\"><img decoding=\"async\" id=\"BLOGGER_PHOTO_ID_5270743900541299890\" style=\"display: block; margin: 0px auto 10px; width: 290px; cursor: pointer; height: 218px; text-align: center;\" data-src=\"http:\/\/4.bp.blogspot.com\/_f3uFQSpE__s\/SSVxpuXSLLI\/AAAAAAAAAe8\/uxplyHGP5RM\/s320\/cora%C3%A7%C3%A3o.jpg\" alt=\"\" border=\"0\" src=\"data:image\/svg+xml;base64,PHN2ZyB3aWR0aD0iMSIgaGVpZ2h0PSIxIiB4bWxucz0iaHR0cDovL3d3dy53My5vcmcvMjAwMC9zdmciPjwvc3ZnPg==\" class=\"lazyload\" \/><\/a><br \/>\nViva o feriado, viva o dia da consci\u00eancia negra, e viva a ra\u00e7a negra! E nada mais apropriado para este dia que um poema de Castro Alves o poeta dos negros.<\/p>\n<div style=\"font-style: italic; text-align: centerfont-family:arial;\"><span style=\"font-size: 130%;\">&#8220;Ontem plena liberdade,<br \/>\n<\/span><span style=\"font-size: 130%;\">A vontade por poder&#8230;<br \/>\n<\/span><span style=\"font-size: 130%;\">Hoje&#8230; cum&#8217;lo de maldade<br \/>\n<\/span><span style=\"font-size: 130%;\">Nem s\u00e3o livres p&#8217;ra&#8230; morrer&#8230;<br \/>\n<\/span><span style=\"font-size: 130%;\">Prende-os a mesma corrente<br \/>\n<\/span><span style=\"font-size: 130%;\">&#8211; F\u00e9rrea, l\u00fagubre serpente &#8211;<br \/>\n<\/span><span style=\"font-size: 130%;\">Nas roscas da escravid\u00e3o.<br \/>\n<\/span><span style=\"font-size: 130%;\">E assim roubados \u00e0 morte,<br \/>\n<\/span><span style=\"font-size: 130%;\">Dan\u00e7a a l\u00fagubre coorte<br \/>\n<\/span><span style=\"font-size: 130%;\">Ao som do a\u00e7oite&#8230; Irris\u00e3o&#8221;!<\/p>\n<p><\/span><\/div>\n<p><strong>Falarei hj <\/strong><span style=\"font-weight: bold;\"><strong>sobre casamento informal, s<\/strong><\/span><span style=\"font-weight: bold;\">e<\/span>m regras r\u00edgidas, este estilo de cerimonia geralmente \u00e9 realizado durante o dia. Sua caracter\u00edstica \u00e9 a descontra\u00e7\u00e3o.<\/p>\n<p align=\"justify\">Os hor\u00e1rios mais adequados s\u00e3o at\u00e9 as 12:00 h, ou das 14:00 as 17:00 h.<\/p>\n<p align=\"justify\">Os convites podem fugir do convencional e os noivos podem criar o texto e mandar imprimir em papeis menos formais.<\/p>\n<p align=\"justify\">A cerimonia realiza-se geralmente em capelas e a decora\u00e7\u00e3o deve ser simples em flores campestres coloridas.<\/p>\n<p align=\"justify\">A musica de ser leve, barroca ou popular ou at\u00e9 trilhas sonoras de filmes com finais feliz, \u00e9 claro!<\/p>\n<p align=\"justify\">Um vestido em tecido leve, como cambraia de linho, laise, organdi ou organza \u00e9 o ideal. Prefira o mimolet e deixe de lado an\u00e1guas e arma\u00e7\u00f5es.<\/p>\n<p align=\"justify\">Escolha um buqu\u00ea confeccionado com flores naturais coloridas em tons suaves.<\/p>\n<p align=\"justify\">O noivo pode vestir terno de linho branco ou outra cor clara.<\/p>\n<p align=\"justify\">Padrinhos e convidados devem ser vestir com simplicidade e em tons past\u00e9is.<\/p>\n<p align=\"justify\">Para m\u00e3es e madrinhas recomenda-se tailleurs e chemisi\u00eas em tecidos como seda, crepes e linho com chap\u00e9us leves.<\/p>\n<p align=\"justify\">J\u00f3ias discretas ou p\u00e9rolas s\u00e3o as mais indicadas.<\/p>\n<p align=\"justify\">Fui&#8230;.<\/p>\n<p align=\"justify\">bj.<\/p>\n","protected":false},"excerpt":{"rendered":"<p>Viva o feriado, viva o dia da consci\u00eancia negra, e viva a ra\u00e7a negra! E nada mais apropriado para este dia que um poema de Castro Alves o poeta dos negros. &#8220;Ontem plena liberdade, A vontade por poder&#8230; Hoje&#8230; cum&#8217;lo de maldade Nem s\u00e3o livres p&#8217;ra&#8230; morrer&#8230; Prende-os a mesma corrente &#8211; F\u00e9rrea, l\u00fagubre serpente &#8211; Nas roscas da escravid\u00e3o. E assim roubados \u00e0 morte, Dan\u00e7a a l\u00fagubre coorte Ao som do a\u00e7oite&#8230; Irris\u00e3o&#8221;! Falarei hj sobre casamento informal, sem regras r\u00edgidas, este estilo de cerimonia geralmente \u00e9 realizado durante&#8230;<\/p>\n","protected":false},"author":2,"featured_media":0,"comment_status":"open","ping_status":"open","sticky":false,"template":"","format":"standard","meta":{"footnotes":""},"categories":[824],"tags":[],"class_list":["post-4660","post","type-post","status-publish","format-standard","hentry","category-sem-categoria-pt"],"_links":{"self":[{"href":"https:\/\/dopedidoaoaltar.com\/en\/wp-json\/wp\/v2\/posts\/4660","targetHints":{"allow":["GET"]}}],"collection":[{"href":"https:\/\/dopedidoaoaltar.com\/en\/wp-json\/wp\/v2\/posts"}],"about":[{"href":"https:\/\/dopedidoaoaltar.com\/en\/wp-json\/wp\/v2\/types\/post"}],"author":[{"embeddable":true,"href":"https:\/\/dopedidoaoaltar.com\/en\/wp-json\/wp\/v2\/users\/2"}],"replies":[{"embeddable":true,"href":"https:\/\/dopedidoaoaltar.com\/en\/wp-json\/wp\/v2\/comments?post=4660"}],"version-history":[{"count":1,"href":"https:\/\/dopedidoaoaltar.com\/en\/wp-json\/wp\/v2\/posts\/4660\/revisions"}],"predecessor-version":[{"id":5880,"href":"https:\/\/dopedidoaoaltar.com\/en\/wp-json\/wp\/v2\/posts\/4660\/revisions\/5880"}],"wp:attachment":[{"href":"https:\/\/dopedidoaoaltar.com\/en\/wp-json\/wp\/v2\/media?parent=4660"}],"wp:term":[{"taxonomy":"category","embeddable":true,"href":"https:\/\/dopedidoaoaltar.com\/en\/wp-json\/wp\/v2\/categories?post=4660"},{"taxonomy":"post_tag","embeddable":true,"href":"https:\/\/dopedidoaoaltar.com\/en\/wp-json\/wp\/v2\/tags?post=4660"}],"curies":[{"name":"wp","href":"https:\/\/api.w.org\/{rel}","templated":true}]}}