{"id":4590,"date":"2009-07-15T19:08:00","date_gmt":"2009-07-15T19:08:00","guid":{"rendered":"http:\/\/ricardoreisdasilva.org\/dopedidoaoaltar\/2009\/07\/15\/dia-internacional-do-homen\/"},"modified":"2016-11-18T18:49:51","modified_gmt":"2016-11-18T18:49:51","slug":"dia-internacional-do-homen","status":"publish","type":"post","link":"https:\/\/dopedidoaoaltar.com\/en\/2009\/07\/15\/dia-internacional-do-homen\/","title":{"rendered":"Dia internacional do homen."},"content":{"rendered":"<p><a href=\"http:\/\/3.bp.blogspot.com\/_f3uFQSpE__s\/Sl4sR5vP0wI\/AAAAAAAAA5M\/8H8u9Jjq3iI\/s1600-h\/superman.jpg\"><img decoding=\"async\" id=\"BLOGGER_PHOTO_ID_5358769292685857538\" style=\"display: block; margin: 0px auto 10px; width: 184px; cursor: hand; height: 254px; text-align: center;\" data-src=\"http:\/\/3.bp.blogspot.com\/_f3uFQSpE__s\/Sl4sR5vP0wI\/AAAAAAAAA5M\/8H8u9Jjq3iI\/s320\/superman.jpg\" alt=\"\" border=\"0\" src=\"data:image\/svg+xml;base64,PHN2ZyB3aWR0aD0iMSIgaGVpZ2h0PSIxIiB4bWxucz0iaHR0cDovL3d3dy53My5vcmcvMjAwMC9zdmciPjwvc3ZnPg==\" class=\"lazyload\" \/><\/a><\/p>\n<div>Gente to rindo mto&#8230;.<\/div>\n<div><\/div>\n<p>&nbsp;<\/p>\n<div>Acabei de ler no site do jornal o dia o seguinte:<\/div>\n<div>\n<em>&#8220;Rio &#8211; Nesta quarta, dia 15 de julho, \u00e9 Dia Internacional do Homem. E uma comunidade no Orkut afirma sem d\u00f3: &#8216;<\/em><a href=\"http:\/\/www.orkut.com.br\/Main#Community.aspx?cmm=273847\" target=\"_blank\"><em>T\u00e1 faltando homem que preste!&#8221;<\/em><\/a><em>. Mais de 100 mil pessoas integram o grupo de mulheres revoltadas com a escassez de bons partidos&#8221;.<\/em><\/div>\n<div><\/div>\n<p>&nbsp;<\/p>\n<div>Eu nunca tinha ouvido falar de dia internacional do homen, isso s\u00f3 pode ser novidade, n\u00e3o \u00e9 poss\u00edvel! De qualquer forma, se a mulher tem o dia dela o homen tb tem direito, pena que isso \u00e9 pouco divulgado&#8230;.tem at\u00e9 uma comunidade no orkut afirmando que falta homen que preste \u00e9 mole???<\/div>\n<div><\/div>\n<p>&nbsp;<\/p>\n<div>Meninas, vcs concordam com isso??? Fica no ar esta pergunta&#8230;.<\/div>\n<div><\/div>\n<p>&nbsp;<\/p>\n<div>De todo jeito, feliz dia internacional dos homens! risos&#8230;<\/div>\n<div><\/div>\n<p>&nbsp;<\/p>\n<div>bjs&#8230;<\/div>\n<div><\/div>\n<p>&nbsp;<\/p>\n<div>Bia.<\/div>\n","protected":false},"excerpt":{"rendered":"<p>Gente to rindo mto&#8230;. &nbsp; Acabei de ler no site do jornal o dia o seguinte: &#8220;Rio &#8211; Nesta quarta, dia 15 de julho, \u00e9 Dia Internacional do Homem. E uma comunidade no Orkut afirma sem d\u00f3: &#8216;T\u00e1 faltando homem que preste!&#8221;. Mais de 100 mil pessoas integram o grupo de mulheres revoltadas com a escassez de bons partidos&#8221;. &nbsp; Eu nunca tinha ouvido falar de dia internacional do homen, isso s\u00f3 pode ser novidade, n\u00e3o \u00e9 poss\u00edvel! De qualquer forma, se a mulher tem o dia dela o homen&#8230;<\/p>\n","protected":false},"author":2,"featured_media":0,"comment_status":"open","ping_status":"open","sticky":false,"template":"","format":"standard","meta":{"footnotes":""},"categories":[824],"tags":[],"class_list":["post-4590","post","type-post","status-publish","format-standard","hentry","category-sem-categoria-pt"],"_links":{"self":[{"href":"https:\/\/dopedidoaoaltar.com\/en\/wp-json\/wp\/v2\/posts\/4590","targetHints":{"allow":["GET"]}}],"collection":[{"href":"https:\/\/dopedidoaoaltar.com\/en\/wp-json\/wp\/v2\/posts"}],"about":[{"href":"https:\/\/dopedidoaoaltar.com\/en\/wp-json\/wp\/v2\/types\/post"}],"author":[{"embeddable":true,"href":"https:\/\/dopedidoaoaltar.com\/en\/wp-json\/wp\/v2\/users\/2"}],"replies":[{"embeddable":true,"href":"https:\/\/dopedidoaoaltar.com\/en\/wp-json\/wp\/v2\/comments?post=4590"}],"version-history":[{"count":1,"href":"https:\/\/dopedidoaoaltar.com\/en\/wp-json\/wp\/v2\/posts\/4590\/revisions"}],"predecessor-version":[{"id":5811,"href":"https:\/\/dopedidoaoaltar.com\/en\/wp-json\/wp\/v2\/posts\/4590\/revisions\/5811"}],"wp:attachment":[{"href":"https:\/\/dopedidoaoaltar.com\/en\/wp-json\/wp\/v2\/media?parent=4590"}],"wp:term":[{"taxonomy":"category","embeddable":true,"href":"https:\/\/dopedidoaoaltar.com\/en\/wp-json\/wp\/v2\/categories?post=4590"},{"taxonomy":"post_tag","embeddable":true,"href":"https:\/\/dopedidoaoaltar.com\/en\/wp-json\/wp\/v2\/tags?post=4590"}],"curies":[{"name":"wp","href":"https:\/\/api.w.org\/{rel}","templated":true}]}}