{"id":4589,"date":"2009-07-20T11:25:00","date_gmt":"2009-07-20T11:25:00","guid":{"rendered":"http:\/\/ricardoreisdasilva.org\/dopedidoaoaltar\/2009\/07\/20\/feliz-dia-do-amigo\/"},"modified":"2016-11-18T18:49:49","modified_gmt":"2016-11-18T18:49:49","slug":"feliz-dia-do-amigo","status":"publish","type":"post","link":"https:\/\/dopedidoaoaltar.com\/en\/2009\/07\/20\/feliz-dia-do-amigo\/","title":{"rendered":"Feliz dia do Amigo!"},"content":{"rendered":"<p><a href=\"http:\/\/1.bp.blogspot.com\/_f3uFQSpE__s\/SmRWV26rw2I\/AAAAAAAAA5U\/wh5lRlH2cEU\/s1600-h\/amigos.bmp\"><img decoding=\"async\" id=\"BLOGGER_PHOTO_ID_5360504389996626786\" style=\"display: block; margin: 0px auto 10px; width: 300px; cursor: hand; height: 225px; text-align: center;\" src=\"http:\/\/1.bp.blogspot.com\/_f3uFQSpE__s\/SmRWV26rw2I\/AAAAAAAAA5U\/wh5lRlH2cEU\/s320\/amigos.bmp\" alt=\"\" border=\"0\" \/><\/a><\/p>\n<div align=\"justify\">Bom dia minhas amigas e meus amigos!<\/div>\n<div align=\"justify\"><\/div>\n<p>&nbsp;<\/p>\n<div align=\"justify\">Quero desejar um feliz dia do amigo a todos os meus amigos, inclusive as minhas amigas virtuais,e, especialmente a minha melhor amiga minha m\u00e3e, e ao meu marid\u00e3o meu grande amigo!!<\/div>\n<div align=\"justify\"><\/div>\n<p>&nbsp;<\/p>\n<div align=\"justify\">E em homenagem ao dia do amigo, segue esta poesia que encontrei na net:<\/div>\n<div align=\"justify\"><\/div>\n<p>&nbsp;<\/p>\n<div align=\"center\">Voz de amigo:<\/div>\n<div align=\"center\"><\/div>\n<p>&nbsp;<\/p>\n<div align=\"center\">&#8220;\u00c9 a voz do gostar,<\/div>\n<div align=\"center\"><\/div>\n<p>&nbsp;<\/p>\n<div align=\"center\">\u00c9 a voz do alertar, dizendo nas palavras, hei! acorde&#8230;<\/div>\n<div align=\"center\"><\/div>\n<p>&nbsp;<\/p>\n<div align=\"center\">Quero te ajudar!!!<\/div>\n<div align=\"center\"><\/div>\n<p>&nbsp;<\/p>\n<div align=\"center\">\u00c9 a voz que vem com o que precisamos ouvir, ler, perceber, interiorizar&#8230;<\/div>\n<div align=\"center\"><\/div>\n<p>&nbsp;<\/p>\n<div align=\"center\">Quando n\u00e3o conseguimos ler a n\u00f3s mesmos, Quando nos falta o ch\u00e3o, o teto, o rumo..<\/div>\n<div align=\"center\"><\/div>\n<p>&nbsp;<\/p>\n<div align=\"center\">Vem como um &#8220;cutuc\u00e3o&#8221; benigno.. Uma sacudida, Um alerta..<\/div>\n<p>&nbsp;<\/p>\n<div align=\"center\"><\/div>\n<div align=\"center\">Uma sirene que soa o nobre sentimento, de luz, imenso cuidar..<\/div>\n<p>&nbsp;<\/p>\n<div align=\"center\"><\/div>\n<div align=\"center\">Vem com tanta verdade, mas, com o cuidado de n\u00e3o magoar..<\/div>\n<p>&nbsp;<\/p>\n<div align=\"center\"><\/div>\n<div align=\"center\">Uma voz que Deus usa, que vem devagar..<\/div>\n<p>&nbsp;<\/p>\n<div align=\"center\"><\/div>\n<div align=\"center\">Que inunda&#8230; Que traz alegrias.. Que contagia.. Uma voz de anjo, Uma voz de irm\u00e3o escolhido&#8230;<\/div>\n<p>&nbsp;<\/p>\n<div align=\"center\"><\/div>\n<div align=\"center\">Presentes e presente..<\/div>\n<div align=\"center\"><\/div>\n<p>&nbsp;<\/p>\n<div align=\"center\">Nos dois sentidos..o de estar e, o de j\u00f3ia inestim\u00e1vel..<\/div>\n<div align=\"center\"><\/div>\n<p>&nbsp;<\/p>\n<div align=\"center\">Um mestre de consci\u00eancia&#8230;<\/div>\n<div align=\"center\"><\/div>\n<p>&nbsp;<\/p>\n<div align=\"center\">Mestre paciente para ouvir, Ser c\u00famplice nas dores e alegrias&#8230;<\/div>\n<div align=\"center\"><\/div>\n<p>&nbsp;<\/p>\n<div align=\"center\">M\u00e3os estendidas, entrela\u00e7adas&#8230;<\/div>\n<div align=\"center\"><\/div>\n<p>&nbsp;<\/p>\n<div align=\"center\">D\u00e1diva da vida&#8230; \u00fanicos, senhores do bem:<\/div>\n<div align=\"center\"><\/div>\n<p>&nbsp;<\/p>\n<div align=\"center\"><strong>VOZ DE AMIGO<\/strong>&#8221; !<\/div>\n<div align=\"center\"><\/div>\n<div align=\"left\">bjs, e boa semana a <em>todos<\/em>!<\/div>\n<div align=\"left\"><\/div>\n<div align=\"left\">Bia.<\/div>\n","protected":false},"excerpt":{"rendered":"<p>Bom dia minhas amigas e meus amigos! &nbsp; Quero desejar um feliz dia do amigo a todos os meus amigos, inclusive as minhas amigas virtuais,e, especialmente a minha melhor amiga minha m\u00e3e, e ao meu marid\u00e3o meu grande amigo!! &nbsp; E em homenagem ao dia do amigo, segue esta poesia que encontrei na net: &nbsp; Voz de amigo: &nbsp; &#8220;\u00c9 a voz do gostar, &nbsp; \u00c9 a voz do alertar, dizendo nas palavras, hei! acorde&#8230; &nbsp; Quero te ajudar!!! &nbsp; \u00c9 a voz que vem com o que precisamos ouvir,&#8230;<\/p>\n","protected":false},"author":2,"featured_media":0,"comment_status":"open","ping_status":"open","sticky":false,"template":"","format":"standard","meta":{"footnotes":""},"categories":[824],"tags":[],"class_list":["post-4589","post","type-post","status-publish","format-standard","hentry","category-sem-categoria-pt"],"_links":{"self":[{"href":"https:\/\/dopedidoaoaltar.com\/en\/wp-json\/wp\/v2\/posts\/4589","targetHints":{"allow":["GET"]}}],"collection":[{"href":"https:\/\/dopedidoaoaltar.com\/en\/wp-json\/wp\/v2\/posts"}],"about":[{"href":"https:\/\/dopedidoaoaltar.com\/en\/wp-json\/wp\/v2\/types\/post"}],"author":[{"embeddable":true,"href":"https:\/\/dopedidoaoaltar.com\/en\/wp-json\/wp\/v2\/users\/2"}],"replies":[{"embeddable":true,"href":"https:\/\/dopedidoaoaltar.com\/en\/wp-json\/wp\/v2\/comments?post=4589"}],"version-history":[{"count":1,"href":"https:\/\/dopedidoaoaltar.com\/en\/wp-json\/wp\/v2\/posts\/4589\/revisions"}],"predecessor-version":[{"id":5810,"href":"https:\/\/dopedidoaoaltar.com\/en\/wp-json\/wp\/v2\/posts\/4589\/revisions\/5810"}],"wp:attachment":[{"href":"https:\/\/dopedidoaoaltar.com\/en\/wp-json\/wp\/v2\/media?parent=4589"}],"wp:term":[{"taxonomy":"category","embeddable":true,"href":"https:\/\/dopedidoaoaltar.com\/en\/wp-json\/wp\/v2\/categories?post=4589"},{"taxonomy":"post_tag","embeddable":true,"href":"https:\/\/dopedidoaoaltar.com\/en\/wp-json\/wp\/v2\/tags?post=4589"}],"curies":[{"name":"wp","href":"https:\/\/api.w.org\/{rel}","templated":true}]}}