{"id":4581,"date":"2009-08-05T09:37:00","date_gmt":"2009-08-05T09:37:00","guid":{"rendered":"http:\/\/ricardoreisdasilva.org\/dopedidoaoaltar\/2009\/08\/05\/convite-especial\/"},"modified":"2016-11-18T18:48:33","modified_gmt":"2016-11-18T18:48:33","slug":"convite-especial","status":"publish","type":"post","link":"https:\/\/dopedidoaoaltar.com\/en\/2009\/08\/05\/convite-especial\/","title":{"rendered":"Convite Especial !!!"},"content":{"rendered":"<p><a href=\"http:\/\/4.bp.blogspot.com\/_f3uFQSpE__s\/SnlZusvCRnI\/AAAAAAAAA9U\/JAl978n8Dyo\/s1600-h\/felicidade.jpg\"><img decoding=\"async\" id=\"BLOGGER_PHOTO_ID_5366419089805952626\" style=\"display: block; margin: 0px auto 10px; width: 320px; cursor: hand; height: 240px; text-align: center;\" data-src=\"http:\/\/4.bp.blogspot.com\/_f3uFQSpE__s\/SnlZusvCRnI\/AAAAAAAAA9U\/JAl978n8Dyo\/s320\/felicidade.jpg\" alt=\"\" border=\"0\" src=\"data:image\/svg+xml;base64,PHN2ZyB3aWR0aD0iMSIgaGVpZ2h0PSIxIiB4bWxucz0iaHR0cDovL3d3dy53My5vcmcvMjAwMC9zdmciPjwvc3ZnPg==\" class=\"lazyload\" \/><\/a><\/p>\n<div align=\"justify\">Bom dia fi\u00e9is leitoras, noivinhas brasileiras e portuguesas, amigos e familiares:<\/div>\n<div align=\"justify\"><\/div>\n<p>&nbsp;<\/p>\n<div align=\"justify\">Estou muit\u00edssimo feliz e gostaria de dividir essa felicidade com vcs.<\/div>\n<div align=\"justify\"><\/div>\n<p>&nbsp;<\/p>\n<div align=\"justify\">Ontem, receb\u00ed um telefonema da Marta Tom\u00e9 jornalista da TVI canal 4 daqui de Portugal, convidando a mim e ao meu marido para participar do Programa &#8220;As Tardes da Julia&#8221; no pr\u00f3ximo dia 11\/08 ter\u00e7a-feira.<\/div>\n<div align=\"justify\"><\/div>\n<p>&nbsp;<\/p>\n<div align=\"justify\">O tema que ser\u00e1 abordado no programa \u00e9 casamento e tudo que envolve o seu universo.<\/div>\n<div align=\"justify\"><\/div>\n<p>&nbsp;<\/p>\n<div align=\"justify\">Sinceramente, fomos apanhados de surpresa, pois, de repente recebemos um convite para aparecer na t.v&#8230;rs&#8230; Vcs imaginam como n\u00f3s estamos nos sentindo??? hehehehe<\/div>\n<div align=\"justify\"><\/div>\n<p>&nbsp;<\/p>\n<div align=\"justify\">Esse convite s\u00f3 vem a confirmar mais uma vez, o reconhecimento de minha dedica\u00e7\u00e3o e amor na organiza\u00e7\u00e3o e realiza\u00e7\u00e3o do nosso casamento, da paix\u00e3o ao meu blog e agora ao meu site onde divulgo meu trabalho como assessora de casamentos.<\/div>\n<div align=\"justify\"><\/div>\n<p>&nbsp;<\/p>\n<div align=\"justify\">Tenho recebido tantos elogios, mas de fato \u00e9 delicioso quando recebemos o carinho de um novo pa\u00eds, um pa\u00eds que eu amo e \u00e9 a minha nova casa. Eu amo Portugal, por sua cultura, culin\u00e1ria, m\u00fasica, natureza, enfim, me sinto t\u00e3o bem acolhida e vejo que a reciprocidade de amor entre brasileiros e portugueses fica cada dia mais evidente no meu cora\u00e7\u00e3o!<\/div>\n<div align=\"justify\"><\/div>\n<p>&nbsp;<\/p>\n<div align=\"justify\">O mais legal de tudo, \u00e9 que todas as noivinhas portuguesas que tiverem gostado de alguma dica minha no site O nosso Casamento, tb, est\u00e3o convidadas a comparecerem no programa. Obaaaaaaa!!! Conhecer novas pessoas e trocar experi\u00eancias \u00e9 t\u00e3o enriquecedor pra mim, vcs nem imaginam&#8230;rs&#8230;.<\/div>\n<div align=\"justify\"><\/div>\n<p>&nbsp;<\/p>\n<div align=\"justify\">Claro que vamos ao programa, e todos est\u00e3o convidados a nos assistir na TVI na pr\u00f3xima ter\u00e7a dia 11.08 \u00e0s 14:10h de Portugal, espero que este canal passe principalmente no Rio de Janeiro, minha querida terra natal. rs&#8230;.<\/div>\n<div align=\"justify\"><\/div>\n<p>&nbsp;<\/p>\n<div align=\"justify\">As noivinhas portuguesas interessadas em participar do programa basta entrar em contato com a Marta no telem\u00f3vel:<\/div>\n<div align=\"justify\"><\/div>\n<p>&nbsp;<\/p>\n<div align=\"justify\">912190531<\/div>\n<div align=\"justify\"><\/div>\n<p>&nbsp;<\/p>\n<div align=\"justify\">Marta Tom\u00e9<\/div>\n<p>&nbsp;<\/p>\n<div align=\"justify\">Programa &#8220;As Tardes da J\u00falia&#8221;<\/div>\n<p>&nbsp;<\/p>\n<div align=\"justify\">Apartado 1067, 2770-999 Pa\u00e7o d&#8217;Arcos<\/div>\n<div align=\"justify\"><\/div>\n<div align=\"justify\">beijinhos e mto obrigada pelo convite Marta e TVI;<\/div>\n<div align=\"justify\"><\/div>\n<div align=\"justify\">Bianca Oliveira.<\/div>\n<div align=\"justify\"><\/div>\n","protected":false},"excerpt":{"rendered":"<p>Bom dia fi\u00e9is leitoras, noivinhas brasileiras e portuguesas, amigos e familiares: &nbsp; Estou muit\u00edssimo feliz e gostaria de dividir essa felicidade com vcs. &nbsp; Ontem, receb\u00ed um telefonema da Marta Tom\u00e9 jornalista da TVI canal 4 daqui de Portugal, convidando a mim e ao meu marido para participar do Programa &#8220;As Tardes da Julia&#8221; no pr\u00f3ximo dia 11\/08 ter\u00e7a-feira. &nbsp; O tema que ser\u00e1 abordado no programa \u00e9 casamento e tudo que envolve o seu universo. &nbsp; Sinceramente, fomos apanhados de surpresa, pois, de repente recebemos um convite para aparecer&#8230;<\/p>\n","protected":false},"author":2,"featured_media":0,"comment_status":"open","ping_status":"open","sticky":false,"template":"","format":"standard","meta":{"footnotes":""},"categories":[824],"tags":[],"class_list":["post-4581","post","type-post","status-publish","format-standard","hentry","category-sem-categoria-pt"],"_links":{"self":[{"href":"https:\/\/dopedidoaoaltar.com\/en\/wp-json\/wp\/v2\/posts\/4581","targetHints":{"allow":["GET"]}}],"collection":[{"href":"https:\/\/dopedidoaoaltar.com\/en\/wp-json\/wp\/v2\/posts"}],"about":[{"href":"https:\/\/dopedidoaoaltar.com\/en\/wp-json\/wp\/v2\/types\/post"}],"author":[{"embeddable":true,"href":"https:\/\/dopedidoaoaltar.com\/en\/wp-json\/wp\/v2\/users\/2"}],"replies":[{"embeddable":true,"href":"https:\/\/dopedidoaoaltar.com\/en\/wp-json\/wp\/v2\/comments?post=4581"}],"version-history":[{"count":1,"href":"https:\/\/dopedidoaoaltar.com\/en\/wp-json\/wp\/v2\/posts\/4581\/revisions"}],"predecessor-version":[{"id":5802,"href":"https:\/\/dopedidoaoaltar.com\/en\/wp-json\/wp\/v2\/posts\/4581\/revisions\/5802"}],"wp:attachment":[{"href":"https:\/\/dopedidoaoaltar.com\/en\/wp-json\/wp\/v2\/media?parent=4581"}],"wp:term":[{"taxonomy":"category","embeddable":true,"href":"https:\/\/dopedidoaoaltar.com\/en\/wp-json\/wp\/v2\/categories?post=4581"},{"taxonomy":"post_tag","embeddable":true,"href":"https:\/\/dopedidoaoaltar.com\/en\/wp-json\/wp\/v2\/tags?post=4581"}],"curies":[{"name":"wp","href":"https:\/\/api.w.org\/{rel}","templated":true}]}}