{"id":4579,"date":"2009-08-07T10:24:00","date_gmt":"2009-08-07T10:24:00","guid":{"rendered":"http:\/\/ricardoreisdasilva.org\/dopedidoaoaltar\/2009\/08\/07\/flor-na-cabeca\/"},"modified":"2016-11-18T18:48:29","modified_gmt":"2016-11-18T18:48:29","slug":"flor-na-cabeca","status":"publish","type":"post","link":"https:\/\/dopedidoaoaltar.com\/en\/2009\/08\/07\/flor-na-cabeca\/","title":{"rendered":"Flor na Cabe\u00e7a."},"content":{"rendered":"<div style=\"text-align: justify;\">Bom dia amiguinhas:<\/p>\n<p>Sou f\u00e3 de carteirinha de flor na cabe\u00e7a&#8230;<\/p>\n<p>Noiva com flor na cabe\u00e7a d\u00e1 um ar de romantismo, classe, leveza, eleg\u00e2ncia, chiqu\u00e9rrimooooo!!!<\/p>\n<p>O mais adequado \u00e9 pedir que um estilista desenhe a flor para combinar com o modelo do vestido, mas no mercado tb encontra-se flores de tecido prontas pra vender.<\/p>\n<p>Segue algumas fotos mto bonitas de noivas com este tipo de arranjo na cabe\u00e7a:<\/p><\/div>\n<p><a href=\"http:\/\/4.bp.blogspot.com\/_f3uFQSpE__s\/SnwGkt-r1iI\/AAAAAAAAA90\/YfkBJ25Oya4\/s1600-h\/Ana_Martha_Cunha__-_veu_renda_na_borda_flores_organza_-_noiva_Wanda_Borges.JPG\"><img decoding=\"async\" id=\"BLOGGER_PHOTO_ID_5367172083806361122\" style=\"display: block; margin: 0px auto 10px; width: 214px; cursor: pointer; height: 320px; text-align: center;\" data-src=\"http:\/\/4.bp.blogspot.com\/_f3uFQSpE__s\/SnwGkt-r1iI\/AAAAAAAAA90\/YfkBJ25Oya4\/s320\/Ana_Martha_Cunha__-_veu_renda_na_borda_flores_organza_-_noiva_Wanda_Borges.JPG\" alt=\"\" border=\"0\" src=\"data:image\/svg+xml;base64,PHN2ZyB3aWR0aD0iMSIgaGVpZ2h0PSIxIiB4bWxucz0iaHR0cDovL3d3dy53My5vcmcvMjAwMC9zdmciPjwvc3ZnPg==\" class=\"lazyload\" \/><\/a><br \/>\n<a href=\"http:\/\/4.bp.blogspot.com\/_f3uFQSpE__s\/SnwGd6cKI4I\/AAAAAAAAA9s\/eZv-mD48Js4\/s1600-h\/noivas_11.jpg\"><img decoding=\"async\" id=\"BLOGGER_PHOTO_ID_5367171966892123010\" style=\"display: block; margin: 0px auto 10px; width: 214px; cursor: pointer; height: 320px; text-align: center;\" data-src=\"http:\/\/4.bp.blogspot.com\/_f3uFQSpE__s\/SnwGd6cKI4I\/AAAAAAAAA9s\/eZv-mD48Js4\/s320\/noivas_11.jpg\" alt=\"\" border=\"0\" src=\"data:image\/svg+xml;base64,PHN2ZyB3aWR0aD0iMSIgaGVpZ2h0PSIxIiB4bWxucz0iaHR0cDovL3d3dy53My5vcmcvMjAwMC9zdmciPjwvc3ZnPg==\" class=\"lazyload\" \/><\/a><br \/>\n<a href=\"http:\/\/3.bp.blogspot.com\/_f3uFQSpE__s\/SnwGRqKmIrI\/AAAAAAAAA9k\/HRVeBnkkG14\/s1600-h\/noiva-jj-18-742673.jpg\"><img decoding=\"async\" id=\"BLOGGER_PHOTO_ID_5367171756365062834\" style=\"display: block; margin: 0px auto 10px; width: 320px; cursor: pointer; height: 244px; text-align: center;\" data-src=\"http:\/\/3.bp.blogspot.com\/_f3uFQSpE__s\/SnwGRqKmIrI\/AAAAAAAAA9k\/HRVeBnkkG14\/s320\/noiva-jj-18-742673.jpg\" alt=\"\" border=\"0\" src=\"data:image\/svg+xml;base64,PHN2ZyB3aWR0aD0iMSIgaGVpZ2h0PSIxIiB4bWxucz0iaHR0cDovL3d3dy53My5vcmcvMjAwMC9zdmciPjwvc3ZnPg==\" class=\"lazyload\" \/><\/a><br \/>\nbjs e bom final de <span style=\"font-weight: bold; font-style: italic;\">semana<\/span>;<\/p>\n<p>Bia.<\/p>\n","protected":false},"excerpt":{"rendered":"<p>Bom dia amiguinhas: Sou f\u00e3 de carteirinha de flor na cabe\u00e7a&#8230; Noiva com flor na cabe\u00e7a d\u00e1 um ar de romantismo, classe, leveza, eleg\u00e2ncia, chiqu\u00e9rrimooooo!!! O mais adequado \u00e9 pedir que um estilista desenhe a flor para combinar com o modelo do vestido, mas no mercado tb encontra-se flores de tecido prontas pra vender. Segue algumas fotos mto bonitas de noivas com este tipo de arranjo na cabe\u00e7a: bjs e bom final de semana; Bia.<\/p>\n","protected":false},"author":2,"featured_media":0,"comment_status":"open","ping_status":"open","sticky":false,"template":"","format":"standard","meta":{"footnotes":""},"categories":[824],"tags":[],"class_list":["post-4579","post","type-post","status-publish","format-standard","hentry","category-sem-categoria-pt"],"_links":{"self":[{"href":"https:\/\/dopedidoaoaltar.com\/en\/wp-json\/wp\/v2\/posts\/4579","targetHints":{"allow":["GET"]}}],"collection":[{"href":"https:\/\/dopedidoaoaltar.com\/en\/wp-json\/wp\/v2\/posts"}],"about":[{"href":"https:\/\/dopedidoaoaltar.com\/en\/wp-json\/wp\/v2\/types\/post"}],"author":[{"embeddable":true,"href":"https:\/\/dopedidoaoaltar.com\/en\/wp-json\/wp\/v2\/users\/2"}],"replies":[{"embeddable":true,"href":"https:\/\/dopedidoaoaltar.com\/en\/wp-json\/wp\/v2\/comments?post=4579"}],"version-history":[{"count":1,"href":"https:\/\/dopedidoaoaltar.com\/en\/wp-json\/wp\/v2\/posts\/4579\/revisions"}],"predecessor-version":[{"id":5800,"href":"https:\/\/dopedidoaoaltar.com\/en\/wp-json\/wp\/v2\/posts\/4579\/revisions\/5800"}],"wp:attachment":[{"href":"https:\/\/dopedidoaoaltar.com\/en\/wp-json\/wp\/v2\/media?parent=4579"}],"wp:term":[{"taxonomy":"category","embeddable":true,"href":"https:\/\/dopedidoaoaltar.com\/en\/wp-json\/wp\/v2\/categories?post=4579"},{"taxonomy":"post_tag","embeddable":true,"href":"https:\/\/dopedidoaoaltar.com\/en\/wp-json\/wp\/v2\/tags?post=4579"}],"curies":[{"name":"wp","href":"https:\/\/api.w.org\/{rel}","templated":true}]}}