{"id":4578,"date":"2009-08-12T20:06:00","date_gmt":"2009-08-12T20:06:00","guid":{"rendered":"http:\/\/ricardoreisdasilva.org\/dopedidoaoaltar\/2009\/08\/12\/participacao-no-as-tardes-da-julia\/"},"modified":"2016-11-18T18:48:27","modified_gmt":"2016-11-18T18:48:27","slug":"participacao-no-as-tardes-da-julia","status":"publish","type":"post","link":"https:\/\/dopedidoaoaltar.com\/en\/2009\/08\/12\/participacao-no-as-tardes-da-julia\/","title":{"rendered":"Participa\u00e7\u00e3o no &#8220;As tardes da Julia&#8221;."},"content":{"rendered":"<p><a href=\"http:\/\/2.bp.blogspot.com\/_f3uFQSpE__s\/SolsK_9LinI\/AAAAAAAAA-Y\/VhjPvRc4mak\/s1600-h\/DSC02317.jpg\"><img decoding=\"async\" id=\"BLOGGER_PHOTO_ID_5370942966838561394\" style=\"cursor: pointer; display: block; height: 240px; margin: 0px auto 10px; text-align: center; width: 320px;\" data-src=\"http:\/\/2.bp.blogspot.com\/_f3uFQSpE__s\/SolsK_9LinI\/AAAAAAAAA-Y\/VhjPvRc4mak\/s320\/DSC02317.jpg\" alt=\"\" border=\"0\" src=\"data:image\/svg+xml;base64,PHN2ZyB3aWR0aD0iMSIgaGVpZ2h0PSIxIiB4bWxucz0iaHR0cDovL3d3dy53My5vcmcvMjAwMC9zdmciPjwvc3ZnPg==\" class=\"lazyload\" \/><\/a><br \/>\n<a href=\"http:\/\/2.bp.blogspot.com\/_f3uFQSpE__s\/SolsF0FXafI\/AAAAAAAAA-Q\/NbpwzDV2MfI\/s1600-h\/DSC02333.jpg\"><img decoding=\"async\" id=\"BLOGGER_PHOTO_ID_5370942877752322546\" style=\"cursor: pointer; display: block; height: 222px; margin: 0px auto 10px; text-align: center; width: 320px;\" data-src=\"http:\/\/2.bp.blogspot.com\/_f3uFQSpE__s\/SolsF0FXafI\/AAAAAAAAA-Q\/NbpwzDV2MfI\/s320\/DSC02333.jpg\" alt=\"\" border=\"0\" src=\"data:image\/svg+xml;base64,PHN2ZyB3aWR0aD0iMSIgaGVpZ2h0PSIxIiB4bWxucz0iaHR0cDovL3d3dy53My5vcmcvMjAwMC9zdmciPjwvc3ZnPg==\" class=\"lazyload\" \/><\/a><br \/>\n<a href=\"http:\/\/2.bp.blogspot.com\/_f3uFQSpE__s\/SoRvyayKFnI\/AAAAAAAAA-I\/yweW8fMV_kM\/s1600-h\/No+programa.jpg\"><img decoding=\"async\" id=\"BLOGGER_PHOTO_ID_5369539567706314354\" style=\"display: block; height: 240px; margin: 0px auto 10px; text-align: center; width: 320px;\" data-src=\"http:\/\/2.bp.blogspot.com\/_f3uFQSpE__s\/SoRvyayKFnI\/AAAAAAAAA-I\/yweW8fMV_kM\/s320\/No+programa.jpg\" alt=\"\" border=\"0\" src=\"data:image\/svg+xml;base64,PHN2ZyB3aWR0aD0iMSIgaGVpZ2h0PSIxIiB4bWxucz0iaHR0cDovL3d3dy53My5vcmcvMjAwMC9zdmciPjwvc3ZnPg==\" class=\"lazyload\" \/><\/a><\/p>\n<div align=\"center\"><a href=\"http:\/\/4.bp.blogspot.com\/_f3uFQSpE__s\/SoMi7ds9FcI\/AAAAAAAAA-A\/2hY5DwnyfCE\/s1600-h\/DSC02168.jpg\"><img decoding=\"async\" id=\"BLOGGER_PHOTO_ID_5369173585736570306\" style=\"display: block; height: 240px; margin: 0px auto 10px; text-align: center; width: 320px;\" data-src=\"http:\/\/4.bp.blogspot.com\/_f3uFQSpE__s\/SoMi7ds9FcI\/AAAAAAAAA-A\/2hY5DwnyfCE\/s320\/DSC02168.jpg\" alt=\"\" border=\"0\" src=\"data:image\/svg+xml;base64,PHN2ZyB3aWR0aD0iMSIgaGVpZ2h0PSIxIiB4bWxucz0iaHR0cDovL3d3dy53My5vcmcvMjAwMC9zdmciPjwvc3ZnPg==\" class=\"lazyload\" \/><\/a> <span style=\"color: black; font-family: verdana; font-size: 78%;\"><b>Jos\u00e9, Eu e D\u00e9bora da TVI<\/b>.<\/span><\/p>\n<div align=\"center\"><\/div>\n<div align=\"justify\"><\/div>\n<div align=\"justify\">Boa noite!<\/div>\n<div align=\"justify\"><\/div>\n<div align=\"justify\">Estou passando por aqui para contar as novidades da nossa participa\u00e7\u00e3o no programa &#8220;As Tardes da Julia&#8221; na Tvi.<\/div>\n<div align=\"justify\"><\/div>\n<div align=\"justify\">Fomos para a Lisboa na v\u00e9spera da nossa entrevista e no dia seguinte acordamos apreensivos e ansiosos, afinal, era a nossa primeira vez na t.v.<\/div>\n<div align=\"justify\"><\/div>\n<div align=\"justify\">Chegamos l\u00e1 por volta de 12:20h e fomos recebidos pela agradabil\u00edssima D\u00e9bora, brasileira de S\u00e3o Paulo que faz parte da produ\u00e7\u00e3o do programa. Gra\u00e7as a D\u00e9bora ficamos mais calmos, um amorzinho de pessoa, ela nos levou ao local do almo\u00e7o e depois nos dirigimos para a se\u00e7\u00e3o de maquiagem.<\/div>\n<div align=\"justify\"><\/div>\n<div align=\"justify\">Nossa participa\u00e7\u00e3o foi mto legal, pena que n\u00e3o tivemos mto tempo para contar todos os detalhes do casamento, pq a entrevista foi r\u00e1pida.<\/div>\n<div align=\"justify\"><\/div>\n<div align=\"justify\">Nossa, foram tantas emo\u00e7\u00f5es que at\u00e9 agora estou suspirando&#8230;.rs&#8230;<\/div>\n<div align=\"justify\"><\/div>\n<div align=\"justify\">Mto obrigada a todas as pessoas que fizeram elogios no meu site!!!<\/div>\n<div align=\"justify\"><\/div>\n<div align=\"justify\">bjs;<\/div>\n<div align=\"justify\"><\/div>\n<div align=\"justify\">Bianca Oliveira.<\/div>\n<\/div>\n","protected":false},"excerpt":{"rendered":"<p>Jos\u00e9, Eu e D\u00e9bora da TVI. Boa noite! Estou passando por aqui para contar as novidades da nossa participa\u00e7\u00e3o no programa &#8220;As Tardes da Julia&#8221; na Tvi. Fomos para a Lisboa na v\u00e9spera da nossa entrevista e no dia seguinte acordamos apreensivos e ansiosos, afinal, era a nossa primeira vez na t.v. Chegamos l\u00e1 por volta de 12:20h e fomos recebidos pela agradabil\u00edssima D\u00e9bora, brasileira de S\u00e3o Paulo que faz parte da produ\u00e7\u00e3o do programa. Gra\u00e7as a D\u00e9bora ficamos mais calmos, um amorzinho de pessoa, ela nos levou ao local&#8230;<\/p>\n","protected":false},"author":2,"featured_media":0,"comment_status":"open","ping_status":"open","sticky":false,"template":"","format":"standard","meta":{"footnotes":""},"categories":[824],"tags":[],"class_list":["post-4578","post","type-post","status-publish","format-standard","hentry","category-sem-categoria-pt"],"_links":{"self":[{"href":"https:\/\/dopedidoaoaltar.com\/en\/wp-json\/wp\/v2\/posts\/4578","targetHints":{"allow":["GET"]}}],"collection":[{"href":"https:\/\/dopedidoaoaltar.com\/en\/wp-json\/wp\/v2\/posts"}],"about":[{"href":"https:\/\/dopedidoaoaltar.com\/en\/wp-json\/wp\/v2\/types\/post"}],"author":[{"embeddable":true,"href":"https:\/\/dopedidoaoaltar.com\/en\/wp-json\/wp\/v2\/users\/2"}],"replies":[{"embeddable":true,"href":"https:\/\/dopedidoaoaltar.com\/en\/wp-json\/wp\/v2\/comments?post=4578"}],"version-history":[{"count":1,"href":"https:\/\/dopedidoaoaltar.com\/en\/wp-json\/wp\/v2\/posts\/4578\/revisions"}],"predecessor-version":[{"id":5799,"href":"https:\/\/dopedidoaoaltar.com\/en\/wp-json\/wp\/v2\/posts\/4578\/revisions\/5799"}],"wp:attachment":[{"href":"https:\/\/dopedidoaoaltar.com\/en\/wp-json\/wp\/v2\/media?parent=4578"}],"wp:term":[{"taxonomy":"category","embeddable":true,"href":"https:\/\/dopedidoaoaltar.com\/en\/wp-json\/wp\/v2\/categories?post=4578"},{"taxonomy":"post_tag","embeddable":true,"href":"https:\/\/dopedidoaoaltar.com\/en\/wp-json\/wp\/v2\/tags?post=4578"}],"curies":[{"name":"wp","href":"https:\/\/api.w.org\/{rel}","templated":true}]}}