{"id":4545,"date":"2009-10-14T08:59:00","date_gmt":"2009-10-14T08:59:00","guid":{"rendered":"http:\/\/ricardoreisdasilva.org\/dopedidoaoaltar\/2009\/10\/14\/fotografa-do-casamento\/"},"modified":"2016-11-18T18:43:17","modified_gmt":"2016-11-18T18:43:17","slug":"fotografa-do-casamento","status":"publish","type":"post","link":"https:\/\/dopedidoaoaltar.com\/en\/2009\/10\/14\/fotografa-do-casamento\/","title":{"rendered":"Fot\u00f3grafa do Casamento."},"content":{"rendered":"<div align=\"center\"><a href=\"http:\/\/3.bp.blogspot.com\/_f3uFQSpE__s\/StYDd28D39I\/AAAAAAAABS8\/-_CqqMBy5Mc\/s1600-h\/DSC_0805.jpg\"><img decoding=\"async\" id=\"BLOGGER_PHOTO_ID_5392501415321264082\" style=\"display: block; height: 266px; margin: 0px auto 10px; text-align: center; width: 400px;\" data-src=\"http:\/\/3.bp.blogspot.com\/_f3uFQSpE__s\/StYDd28D39I\/AAAAAAAABS8\/-_CqqMBy5Mc\/s400\/DSC_0805.jpg\" alt=\"\" border=\"0\" src=\"data:image\/svg+xml;base64,PHN2ZyB3aWR0aD0iMSIgaGVpZ2h0PSIxIiB4bWxucz0iaHR0cDovL3d3dy53My5vcmcvMjAwMC9zdmciPjwvc3ZnPg==\" class=\"lazyload\" \/><\/a> <span style=\"color: #333333; font-size: 85%;\"><i>Bia e Jos\u00e9.<\/i><\/span><\/p>\n<div align=\"center\"><\/div>\n<div><\/div>\n<div align=\"justify\">Como escolher um fot\u00f3grafo para seu casamento??<\/p>\n<\/div>\n<div align=\"left\"><\/div>\n<div align=\"justify\">Bom, pra mim a tarefa n\u00e3o foi t\u00e3o simples&#8230;<\/p>\n<\/div>\n<div align=\"left\"><\/div>\n<div align=\"justify\">Lembro-me que na \u00e9poca conversei e conhec\u00ed o trabalho de alguns, na minha opini\u00e3o, este profissional al\u00e9m de apresentar um bom trabalho deve transmitir confian\u00e7a, ter empatia e paci\u00eancia com os noivos, sem esses ingredientes n\u00e3o rola qu\u00edmica&#8230;<\/p>\n<\/div>\n<div><\/div>\n<div align=\"justify\">A carga de responsabilidade da fot\u00f3grafa \u00e9 mto grande, tendo em vista que, \u00e9 ela que vai congelar os momentos do grande dia e eterniza-los! \u00c9 um trabalho que deve ser realizado com mto amor e dedica\u00e7\u00e3o.<\/p>\n<\/div>\n<div><\/div>\n<div align=\"justify\">Claro que mtas coisas devem ser observadas quando for contratar o fot\u00f3grafo, mas o principal a ser considerado \u00e9 o seu estilo, pergunte a si mesmo se o estilo do profissional se adequa as suas expectativas, os noivos geralmente j\u00e1 tem em mente o estilo que desejam (espont\u00e2neas, tradicionais&#8230;)<\/p>\n<\/div>\n<div><\/div>\n<div align=\"justify\">Observem tamb\u00e9m as cores, ilumina\u00e7\u00e3o, efeitos utilizados pelo profissional e at\u00e9 mesmo os cen\u00e1rios, bom, no final de tudo o importante \u00e9 vc sair do est\u00fadio com a certeza de que gostou do trabalho do profissional.<\/p>\n<\/div>\n<div><\/div>\n<div align=\"justify\">O contrato tamb\u00e9m \u00e9 mto importante, e nele deve estar especificado todos os servi\u00e7os que o profissional vai prestar no casamento, quantidade de fotos, prazo para entrega do material, forma de pagamento e etc. Tudo isso para a seguran\u00e7a de ambas as partes: contratante e contratado.<\/p>\n<\/div>\n<div><\/div>\n<div align=\"justify\">Mas na minha opini\u00e3o, al\u00e9m desse conjunto de coisas, o mais importante sem sombra de d\u00favidas \u00e9 a sintonia com os noivos e a simpatia deste profissional.<\/p>\n<\/div>\n<div><\/div>\n<div align=\"justify\">O que adianta ter um fot\u00f3grafo famoso e com equipamentos de \u00faltima gera\u00e7\u00e3o se o mesmo n\u00e3o conheceu bem o casal, n\u00e3o fez ensaio fotogr\u00e1fico pr\u00e9-casamento, enfim, n\u00e3o tem a menor sintonia com os noivos, e, al\u00e9m disso, deixa escapar momentos que o casal gostaria que fosse registrado?<\/p>\n<\/div>\n<div><\/div>\n<div align=\"justify\">No Rio de Janeiro, existem excelentes profissionais neste ramo, mas vou indicar minha fot\u00f3grafa preferida, ali\u00e1s, s\u00f3 vou indic\u00e1-la pq conhe\u00e7o seu trabalho bem de pertinho&#8230;rs&#8230;<\/p>\n<\/div>\n<div><\/div>\n<div align=\"justify\">J\u00e1 deu pra perceber que foi a fot\u00f3grafa do meu casamento n\u00e9???<\/p>\n<p>Ah, n\u00e3o sei se j\u00e1 disse em algum post, mas meus \u00e1lbuns de casamento ficaram um sonho, perfeitos e do jeitinho que eu sempre sonhei!!!<\/p>\n<\/div>\n<div align=\"left\"><\/div>\n<div align=\"justify\">Val, \u00e9 mto mais que fot\u00f3grafa \u00e9 uma grande amiga e possui todos os requisitos que considero importante em um profissional de fotografia, segue o seu contato:<\/p>\n<\/div>\n<div><\/div>\n<div align=\"justify\">Val\u00e9ria Simonin:<\/p>\n<\/div>\n<div><\/div>\n<div align=\"justify\"><a href=\"http:\/\/www.valeriasimonin.com.br\/\">http:\/\/www.valeriasimonin.com.br\/<\/a><\/p>\n<\/div>\n<div><\/div>\n<div align=\"justify\">e-mail: <a href=\"mailto:valsimonin@gmail.com\">valsimonin@gmail.com<\/a><\/p>\n<\/div>\n<div><\/div>\n<div align=\"justify\">bjs.<\/p>\n<\/div>\n<div><\/div>\n<div align=\"justify\">Bia.<\/div>\n<\/div>\n","protected":false},"excerpt":{"rendered":"<p>Bia e Jos\u00e9. Como escolher um fot\u00f3grafo para seu casamento?? Bom, pra mim a tarefa n\u00e3o foi t\u00e3o simples&#8230; Lembro-me que na \u00e9poca conversei e conhec\u00ed o trabalho de alguns, na minha opini\u00e3o, este profissional al\u00e9m de apresentar um bom trabalho deve transmitir confian\u00e7a, ter empatia e paci\u00eancia com os noivos, sem esses ingredientes n\u00e3o rola qu\u00edmica&#8230; A carga de responsabilidade da fot\u00f3grafa \u00e9 mto grande, tendo em vista que, \u00e9 ela que vai congelar os momentos do grande dia e eterniza-los! \u00c9 um trabalho que deve ser realizado com&#8230;<\/p>\n","protected":false},"author":2,"featured_media":0,"comment_status":"open","ping_status":"open","sticky":false,"template":"","format":"standard","meta":{"footnotes":""},"categories":[824],"tags":[],"class_list":["post-4545","post","type-post","status-publish","format-standard","hentry","category-sem-categoria-pt"],"_links":{"self":[{"href":"https:\/\/dopedidoaoaltar.com\/en\/wp-json\/wp\/v2\/posts\/4545","targetHints":{"allow":["GET"]}}],"collection":[{"href":"https:\/\/dopedidoaoaltar.com\/en\/wp-json\/wp\/v2\/posts"}],"about":[{"href":"https:\/\/dopedidoaoaltar.com\/en\/wp-json\/wp\/v2\/types\/post"}],"author":[{"embeddable":true,"href":"https:\/\/dopedidoaoaltar.com\/en\/wp-json\/wp\/v2\/users\/2"}],"replies":[{"embeddable":true,"href":"https:\/\/dopedidoaoaltar.com\/en\/wp-json\/wp\/v2\/comments?post=4545"}],"version-history":[{"count":1,"href":"https:\/\/dopedidoaoaltar.com\/en\/wp-json\/wp\/v2\/posts\/4545\/revisions"}],"predecessor-version":[{"id":5766,"href":"https:\/\/dopedidoaoaltar.com\/en\/wp-json\/wp\/v2\/posts\/4545\/revisions\/5766"}],"wp:attachment":[{"href":"https:\/\/dopedidoaoaltar.com\/en\/wp-json\/wp\/v2\/media?parent=4545"}],"wp:term":[{"taxonomy":"category","embeddable":true,"href":"https:\/\/dopedidoaoaltar.com\/en\/wp-json\/wp\/v2\/categories?post=4545"},{"taxonomy":"post_tag","embeddable":true,"href":"https:\/\/dopedidoaoaltar.com\/en\/wp-json\/wp\/v2\/tags?post=4545"}],"curies":[{"name":"wp","href":"https:\/\/api.w.org\/{rel}","templated":true}]}}