{"id":4508,"date":"2010-01-22T20:04:00","date_gmt":"2010-01-22T20:04:00","guid":{"rendered":"http:\/\/ricardoreisdasilva.org\/dopedidoaoaltar\/2010\/01\/22\/to-ficando-veia\/"},"modified":"2016-11-18T18:29:25","modified_gmt":"2016-11-18T18:29:25","slug":"to-ficando-veia","status":"publish","type":"post","link":"https:\/\/dopedidoaoaltar.com\/en\/2010\/01\/22\/to-ficando-veia\/","title":{"rendered":"To ficando v\u00e9ia."},"content":{"rendered":"<div style=\"text-align: justify;\"><a href=\"http:\/\/2.bp.blogspot.com\/_f3uFQSpE__s\/S1oM-BstMSI\/AAAAAAAABvQ\/NpLycg_Vuek\/s1600-h\/velhinha.jpg\"><img decoding=\"async\" id=\"BLOGGER_PHOTO_ID_5429666560495923490\" style=\"display: block; margin: 0px auto 10px; width: 264px; cursor: pointer; height: 237px; text-align: center;\" data-src=\"http:\/\/2.bp.blogspot.com\/_f3uFQSpE__s\/S1oM-BstMSI\/AAAAAAAABvQ\/NpLycg_Vuek\/s320\/velhinha.jpg\" alt=\"\" border=\"0\" src=\"data:image\/svg+xml;base64,PHN2ZyB3aWR0aD0iMSIgaGVpZ2h0PSIxIiB4bWxucz0iaHR0cDovL3d3dy53My5vcmcvMjAwMC9zdmciPjwvc3ZnPg==\" class=\"lazyload\" \/><\/a>Hahahahah como se diz no interior do meu Brasil, to ficando &#8220;<em>v\u00e9ia&#8221;<\/em>&#8230;.<\/div>\n<div style=\"text-align: justify;\"><\/div>\n<p>Gente, s\u00f3 hj me dei conta de que a idade veio chegando de mansinho hj&#8230;kkkkkkkkk, faz parte!!<\/p>\n<div style=\"text-align: justify;\"><\/div>\n<p>Pois \u00e9, hj fui na \u00f3tica e mandei fazer meus primeiros \u00f3culos, estou com miopia, 0.75 no olho esquerdo e 1.0 no direito, ainda bem que n\u00e3o \u00e9 mto e segundo o m\u00e9dico pela minha idade isso j\u00e1 se estabilizou, tomara&#8230;rs&#8230;.<\/p>\n<div style=\"text-align: justify;\">\nAh, receb\u00ed um elogio que me deixou mto vaidosa, da editora chefe Simone Tavares da revista decorando casamentos, segue:<\/div>\n<div style=\"text-align: justify;\"><\/div>\n<p><em><span style=\"font-size: 85%;\">&#8220;Ol\u00e1 Bianca<\/span><\/em><\/p>\n<div style=\"text-align: justify;\"><em><span style=\"font-size: 85%;\">\u00c9 um prazer receber o seu e-mail. Dei uma olhadinha nos blogs s\u00e3o \u00f3timos&#8230;add nos meus favoritos e colocarei em breve uma postagem no blog indicando seu blog. Tamb\u00e9m adoro Portugal, viajei para l\u00e1 no ano passado&#8230;.sou apaixonada por aquela terra! Espero que continue acompanhando o nosso trabalho&#8230; Abra\u00e7\u00e3o&#8221;<\/span><\/em><\/div>\n<div style=\"text-align: justify;\"><\/div>\n<p><span style=\"font-size: 85%;\">Simone Tavares<\/span><\/p>\n<div style=\"text-align: justify;\"><span style=\"font-size: 85%;\">Editora-chefe<\/span><\/div>\n<p><span style=\"font-size: 85%;\">Revista Decorando Casamentos<\/span><\/p>\n<div style=\"text-align: justify;\"><a href=\"mailto:simonetavares@escala.com.br\"><span style=\"font-size: 85%;\">simonetavares@escala.com.br<\/span><\/a><\/div>\n<p><a href=\"http:\/\/www.revistadecorandocasamentos.blogspot.com\/\"><span style=\"font-size: 85%;\">www.revistadecorandocasamentos.blogspot.com<\/span><\/a><\/p>\n<div style=\"text-align: justify;\"><span style=\"font-size: 85%;\">(11) 3855.2238 \/ (11) 8141-2804<\/span><br \/>\n<span style=\"font-size: 85%;\">Editora Escala Ltda.<\/span><\/div>\n<p style=\"text-align: justify;\">Obrigada pelo reconhecimento Simone, fiquei mto feliz!! Todos os meus textos s\u00e3o feitos com mto carinho pra vcs!<\/p>\n<p style=\"text-align: justify;\">Quem sabe meu sonho n\u00e3o se realiza e ainda sou convidada para ser colunista de alguma revista? Ou quem sabe meu blog n\u00e3o vira um livro? N\u00e3o seria maravilhoso??? heheheheheh<\/p>\n<div style=\"text-align: justify;\">Bom, creio que esses sonhos n\u00e3o sejam imposs\u00edveis de se realizar, afinal de contas j\u00e1 tive at\u00e9 15 minutos de fama numa televis\u00e3o portuguesa, \u00e9 mole??? Te m\u00e9teeeee!!! rsrsrsrsrsr<\/div>\n<p style=\"text-align: justify;\">bjs, e bom final de semana.<\/p>\n<p style=\"text-align: justify;\">Bia.<\/p>\n","protected":false},"excerpt":{"rendered":"<p>Hahahahah como se diz no interior do meu Brasil, to ficando &#8220;v\u00e9ia&#8221;&#8230;. Gente, s\u00f3 hj me dei conta de que a idade veio chegando de mansinho hj&#8230;kkkkkkkkk, faz parte!! Pois \u00e9, hj fui na \u00f3tica e mandei fazer meus primeiros \u00f3culos, estou com miopia, 0.75 no olho esquerdo e 1.0 no direito, ainda bem que n\u00e3o \u00e9 mto e segundo o m\u00e9dico pela minha idade isso j\u00e1 se estabilizou, tomara&#8230;rs&#8230;. Ah, receb\u00ed um elogio que me deixou mto vaidosa, da editora chefe Simone Tavares da revista decorando casamentos, segue: &#8220;Ol\u00e1&#8230;<\/p>\n","protected":false},"author":2,"featured_media":0,"comment_status":"open","ping_status":"open","sticky":false,"template":"","format":"standard","meta":{"footnotes":""},"categories":[824],"tags":[],"class_list":["post-4508","post","type-post","status-publish","format-standard","hentry","category-sem-categoria-pt"],"_links":{"self":[{"href":"https:\/\/dopedidoaoaltar.com\/en\/wp-json\/wp\/v2\/posts\/4508","targetHints":{"allow":["GET"]}}],"collection":[{"href":"https:\/\/dopedidoaoaltar.com\/en\/wp-json\/wp\/v2\/posts"}],"about":[{"href":"https:\/\/dopedidoaoaltar.com\/en\/wp-json\/wp\/v2\/types\/post"}],"author":[{"embeddable":true,"href":"https:\/\/dopedidoaoaltar.com\/en\/wp-json\/wp\/v2\/users\/2"}],"replies":[{"embeddable":true,"href":"https:\/\/dopedidoaoaltar.com\/en\/wp-json\/wp\/v2\/comments?post=4508"}],"version-history":[{"count":1,"href":"https:\/\/dopedidoaoaltar.com\/en\/wp-json\/wp\/v2\/posts\/4508\/revisions"}],"predecessor-version":[{"id":5730,"href":"https:\/\/dopedidoaoaltar.com\/en\/wp-json\/wp\/v2\/posts\/4508\/revisions\/5730"}],"wp:attachment":[{"href":"https:\/\/dopedidoaoaltar.com\/en\/wp-json\/wp\/v2\/media?parent=4508"}],"wp:term":[{"taxonomy":"category","embeddable":true,"href":"https:\/\/dopedidoaoaltar.com\/en\/wp-json\/wp\/v2\/categories?post=4508"},{"taxonomy":"post_tag","embeddable":true,"href":"https:\/\/dopedidoaoaltar.com\/en\/wp-json\/wp\/v2\/tags?post=4508"}],"curies":[{"name":"wp","href":"https:\/\/api.w.org\/{rel}","templated":true}]}}