{"id":4449,"date":"2010-05-13T09:17:00","date_gmt":"2010-05-13T09:17:00","guid":{"rendered":"http:\/\/ricardoreisdasilva.org\/dopedidoaoaltar\/2010\/05\/13\/13-de-maio\/"},"modified":"2016-11-23T16:46:29","modified_gmt":"2016-11-23T16:46:29","slug":"13-de-maio","status":"publish","type":"post","link":"https:\/\/dopedidoaoaltar.com\/en\/2010\/05\/13\/13-de-maio\/","title":{"rendered":"13 de Maio."},"content":{"rendered":"<p><a href=\"http:\/\/2.bp.blogspot.com\/_f3uFQSpE__s\/S-vK61PxDsI\/AAAAAAAACdo\/323R6yCYjWk\/s1600\/Fatima.bmp\"><img decoding=\"async\" id=\"BLOGGER_PHOTO_ID_5470689284446031554\" style=\"cursor: pointer; display: block; height: 263px; margin: 0px auto 10px; text-align: center; width: 337px;\" src=\"http:\/\/2.bp.blogspot.com\/_f3uFQSpE__s\/S-vK61PxDsI\/AAAAAAAACdo\/323R6yCYjWk\/s400\/Fatima.bmp\" alt=\"\" border=\"0\" \/><\/a>Viva a Virgem de F\u00e1tima!<\/p>\n<div style=\"text-align: justify;\">\u00c9 com mta alegria que comemoro mais uma vez o 13 de maio neste blog.<\/div>\n<div style=\"text-align: justify;\"><\/div>\n<div style=\"text-align: justify;\">Hj, \u00e9 uma data mto importante para os cat\u00f3licos e aqui em Portugal nota-se que \u00e9 mto mais do que importante, \u00e9 sagrado, sublime!<\/div>\n<div style=\"text-align: justify;\"><\/div>\n<p>Na T.V a estrela \u00e9 o Papa Bento XVI, rei absoluto de todos os canais.<\/p>\n<div style=\"text-align: justify;\">Entretanto, deixando as controv\u00e9rsias de lado de que Portugal n\u00e3o est\u00e1 num momento prop\u00edcio para os custos t\u00e3o elevados como o da visita do Papa Bento XVI ou que as perdas por dia de paragem em Portugal est\u00e3o quantificadas, segundo os \u00faltimos estudos, nos 37 milh\u00f5es de euros devido aos excessos de tempos mortos com feriados hist\u00f3ricos, religiosos, pontes&#8230; creio, que neste momento temos que focar em alguns aspectos mais relevantes como por exemplo colocar em pr\u00e1tica os pedidos feitos pela Nossa Senhora de F\u00e1tima aos pastorinhos.<\/div>\n<p>&nbsp;<\/p>\n<div>\n<div style=\"text-align: justify;\">Pois a data de hj \u00e9 exclusivamente Dela, \u00e9 a \u00fanica que hj merece ser exaltada e lembrada por sua apari\u00e7\u00e3o e seus pedidos, ningu\u00e9m mais.<\/div>\n<div style=\"text-align: justify;\">Lembrem-se, que a nossa f\u00e9 deve ser depositada Nela e em Deus e n\u00e3o em meros mortais como n\u00f3s. O Papa Bento XVI \u00e9 um representante da igreja, um homen igual a n\u00f3s, pass\u00edvel de erros e equ\u00edvocos, vejo suas visitas aos pa\u00edses com o <span style=\"font-weight: bold;\">\u00fanico<\/span> objetivo de tentar reacender a f\u00e9 em Cristo com mais fervor em nossos cora\u00e7\u00f5es e at\u00e9 diria colocar um pouco mais de ju\u00edzo na cabecinha das pessoas.<\/div>\n<div style=\"text-align: justify;\">Digo isso, por causa de uma frase que escutei hoje de manh\u00e3 na televis\u00e3o.<\/div>\n<p>O rep\u00f3rter entrevistou um senhor e perguntou-lhe qual era a raz\u00e3o por ele estar em F\u00e1tima no frio e ter estado a noite toda acordado no mesmo lugar.<\/p>\n<p>E o senhor respondeu: &#8221; pela f\u00e9 no Papa&#8221;&#8230;.<\/p>\n<p>Bom, acho que n\u00e3o preciso dizer mais nada n\u00e9? Vcs entenderam a mensagem.<\/p>\n<\/div>\n<div style=\"text-align: justify;\">Se o mundo todo orasse mais, praticasse o bem, e parasse de olhar s\u00f3 para o seu pr\u00f3prio umbigo, talvez as coisas estivessem bem melhor e n\u00e3o ver\u00edamos tantas trag\u00e9dias na televis\u00e3o.<\/p>\n<\/div>\n<div style=\"text-align: justify;\">Gostaria de convocar a todos no dia de hj para fazer uma ora\u00e7\u00e3o especial, independente de religi\u00e3o ou cren\u00e7a, vamos orar pela paz, para que o amor reine sempre no cora\u00e7\u00e3o das pessoas, para que o homen pare de destruir a natureza, para que os nossos pol\u00edticos parem de pensar em aumentar seus sal\u00e1rios e deixem de papo furado e que de fato cumpram o que prometeram aos seus eleitores e etc.<\/div>\n<p>&nbsp;<\/p>\n<div>Esses s\u00e3o os desejos da Virgem Maria!<\/div>\n<p>&nbsp;<\/p>\n<div>bjs e um feliz 13 de maio a todos;<\/div>\n<p>&nbsp;<\/p>\n<div>Bia.<\/div>\n<p>&nbsp;<\/p>\n<div><\/div>\n","protected":false},"excerpt":{"rendered":"<p>Viva a Virgem de F\u00e1tima! \u00c9 com mta alegria que comemoro mais uma vez o 13 de maio neste blog. Hj, \u00e9 uma data mto importante para os cat\u00f3licos e aqui em Portugal nota-se que \u00e9 mto mais do que importante, \u00e9 sagrado, sublime! Na T.V a estrela \u00e9 o Papa Bento XVI, rei absoluto de todos os canais. Entretanto, deixando as controv\u00e9rsias de lado de que Portugal n\u00e3o est\u00e1 num momento prop\u00edcio para os custos t\u00e3o elevados como o da visita do Papa Bento XVI ou que as perdas&#8230;<\/p>\n","protected":false},"author":2,"featured_media":0,"comment_status":"open","ping_status":"open","sticky":false,"template":"","format":"standard","meta":{"footnotes":""},"categories":[824],"tags":[856,933],"class_list":["post-4449","post","type-post","status-publish","format-standard","hentry","category-sem-categoria-pt","tag-blog","tag-outro"],"_links":{"self":[{"href":"https:\/\/dopedidoaoaltar.com\/en\/wp-json\/wp\/v2\/posts\/4449","targetHints":{"allow":["GET"]}}],"collection":[{"href":"https:\/\/dopedidoaoaltar.com\/en\/wp-json\/wp\/v2\/posts"}],"about":[{"href":"https:\/\/dopedidoaoaltar.com\/en\/wp-json\/wp\/v2\/types\/post"}],"author":[{"embeddable":true,"href":"https:\/\/dopedidoaoaltar.com\/en\/wp-json\/wp\/v2\/users\/2"}],"replies":[{"embeddable":true,"href":"https:\/\/dopedidoaoaltar.com\/en\/wp-json\/wp\/v2\/comments?post=4449"}],"version-history":[{"count":1,"href":"https:\/\/dopedidoaoaltar.com\/en\/wp-json\/wp\/v2\/posts\/4449\/revisions"}],"predecessor-version":[{"id":5671,"href":"https:\/\/dopedidoaoaltar.com\/en\/wp-json\/wp\/v2\/posts\/4449\/revisions\/5671"}],"wp:attachment":[{"href":"https:\/\/dopedidoaoaltar.com\/en\/wp-json\/wp\/v2\/media?parent=4449"}],"wp:term":[{"taxonomy":"category","embeddable":true,"href":"https:\/\/dopedidoaoaltar.com\/en\/wp-json\/wp\/v2\/categories?post=4449"},{"taxonomy":"post_tag","embeddable":true,"href":"https:\/\/dopedidoaoaltar.com\/en\/wp-json\/wp\/v2\/tags?post=4449"}],"curies":[{"name":"wp","href":"https:\/\/api.w.org\/{rel}","templated":true}]}}