{"id":4326,"date":"2011-10-27T12:49:00","date_gmt":"2011-10-27T12:49:00","guid":{"rendered":"http:\/\/ricardoreisdasilva.org\/dopedidoaoaltar\/2011\/10\/27\/no-cartorio-ou-apenas-no-civil\/"},"modified":"2016-11-23T16:17:04","modified_gmt":"2016-11-23T16:17:04","slug":"no-cartorio-ou-apenas-no-civil","status":"publish","type":"post","link":"https:\/\/dopedidoaoaltar.com\/en\/2011\/10\/27\/no-cartorio-ou-apenas-no-civil\/","title":{"rendered":"No cart\u00f3rio ou apenas no civil."},"content":{"rendered":"<div style=\"text-align: center;\"><a href=\"http:\/\/4.bp.blogspot.com\/-RRa5IR5cIE0\/TqlXUvSCGSI\/AAAAAAAADwA\/YB7RBrRYuw8\/s1600\/elie-saab-vestidos-de-festa-inverno-2010-299x449.jpg\"><img decoding=\"async\" id=\"BLOGGER_PHOTO_ID_5668157619823581474\" style=\"--smush-placeholder-width: 299px; --smush-placeholder-aspect-ratio: 299\/449;cursor: pointer; display: block; height: 400px; margin: 0px auto 10px; text-align: center; width: 266px;\" data-src=\"http:\/\/4.bp.blogspot.com\/-RRa5IR5cIE0\/TqlXUvSCGSI\/AAAAAAAADwA\/YB7RBrRYuw8\/s400\/elie-saab-vestidos-de-festa-inverno-2010-299x449.jpg\" alt=\"\" border=\"0\" src=\"data:image\/svg+xml;base64,PHN2ZyB3aWR0aD0iMSIgaGVpZ2h0PSIxIiB4bWxucz0iaHR0cDovL3d3dy53My5vcmcvMjAwMC9zdmciPjwvc3ZnPg==\" class=\"lazyload\" \/><\/a><a href=\"http:\/\/4.bp.blogspot.com\/-aiL7tlV3xwc\/TqlUZbO3jtI\/AAAAAAAADv0\/cqlrSYQcE3I\/s1600\/2%2Bdresses234.jpg\"><img decoding=\"async\" id=\"BLOGGER_PHOTO_ID_5668154401806061266\" style=\"cursor: pointer; display: block; height: 370px; margin: 0px auto 10px; text-align: center; width: 224px;\" data-src=\"http:\/\/4.bp.blogspot.com\/-aiL7tlV3xwc\/TqlUZbO3jtI\/AAAAAAAADv0\/cqlrSYQcE3I\/s400\/2%2Bdresses234.jpg\" alt=\"\" border=\"0\" src=\"data:image\/svg+xml;base64,PHN2ZyB3aWR0aD0iMSIgaGVpZ2h0PSIxIiB4bWxucz0iaHR0cDovL3d3dy53My5vcmcvMjAwMC9zdmciPjwvc3ZnPg==\" class=\"lazyload\" \/><\/a><br \/>\n<span style=\"color: #999999; font-size: 78%;\">Gostei do modelo, mas para ser usado por uma noiva sugiro que seja feito em outra cor claro, casamento \u00e9 sinonimo de alegria e n\u00e3o combina com o preto.<\/span><\/p>\n<\/div>\n<div style=\"text-align: center;\"><a href=\"http:\/\/2.bp.blogspot.com\/-e1TTJc4_hxE\/TqlUVumQd2I\/AAAAAAAADvo\/sDpkzZbx85I\/s1600\/vestido-longo-com-manga-6.jpg\"><img decoding=\"async\" id=\"BLOGGER_PHOTO_ID_5668154338284959586\" style=\"cursor: pointer; display: block; height: 301px; margin: 0px auto 10px; text-align: center; width: 400px;\" data-src=\"http:\/\/2.bp.blogspot.com\/-e1TTJc4_hxE\/TqlUVumQd2I\/AAAAAAAADvo\/sDpkzZbx85I\/s400\/vestido-longo-com-manga-6.jpg\" alt=\"\" border=\"0\" src=\"data:image\/svg+xml;base64,PHN2ZyB3aWR0aD0iMSIgaGVpZ2h0PSIxIiB4bWxucz0iaHR0cDovL3d3dy53My5vcmcvMjAwMC9zdmciPjwvc3ZnPg==\" class=\"lazyload\" \/><\/a><span style=\"color: #999999; font-size: 78%;\">modelos para serem usados no cart\u00f3rio no inverno.<\/span><\/div>\n<div style=\"text-align: center;\"><a href=\"http:\/\/4.bp.blogspot.com\/-BVFkXoMLTWU\/TqlUEsZiwZI\/AAAAAAAADvc\/LwDPRI5-td8\/s1600\/6a00d83451cbb069e200e54f8713008834-800wi.jpg\"><img decoding=\"async\" id=\"BLOGGER_PHOTO_ID_5668154045636985234\" style=\"cursor: pointer; display: block; height: 331px; margin: 0px auto 10px; text-align: center; width: 400px;\" data-src=\"http:\/\/4.bp.blogspot.com\/-BVFkXoMLTWU\/TqlUEsZiwZI\/AAAAAAAADvc\/LwDPRI5-td8\/s400\/6a00d83451cbb069e200e54f8713008834-800wi.jpg\" alt=\"\" border=\"0\" src=\"data:image\/svg+xml;base64,PHN2ZyB3aWR0aD0iMSIgaGVpZ2h0PSIxIiB4bWxucz0iaHR0cDovL3d3dy53My5vcmcvMjAwMC9zdmciPjwvc3ZnPg==\" class=\"lazyload\" \/><\/a><br \/>\n<span style=\"color: #999999; font-size: 78%;\">Cerimonia no civil em casa para familiares e amigos \u00edntimos.<\/span><\/p>\n<\/div>\n<div style=\"text-align: center;\"><a href=\"http:\/\/3.bp.blogspot.com\/-1mHhJC-FXTQ\/TqlT0ydQjOI\/AAAAAAAADvQ\/9gElLfZqO-k\/s1600\/Zazou_Inverno_09_Festa.jpg\"><img decoding=\"async\" id=\"BLOGGER_PHOTO_ID_5668153772385275106\" style=\"cursor: pointer; display: block; height: 400px; margin: 0px auto 10px; text-align: center; width: 267px;\" data-src=\"http:\/\/3.bp.blogspot.com\/-1mHhJC-FXTQ\/TqlT0ydQjOI\/AAAAAAAADvQ\/9gElLfZqO-k\/s400\/Zazou_Inverno_09_Festa.jpg\" alt=\"\" border=\"0\" src=\"data:image\/svg+xml;base64,PHN2ZyB3aWR0aD0iMSIgaGVpZ2h0PSIxIiB4bWxucz0iaHR0cDovL3d3dy53My5vcmcvMjAwMC9zdmciPjwvc3ZnPg==\" class=\"lazyload\" \/><\/a><span style=\"color: #999999; font-size: 78%;\">Ideal para noiva gr\u00e1vida<\/span><span style=\"color: #999999; font-size: 78%;\">.<\/span><\/div>\n<p>&nbsp;<\/p>\n<div style=\"text-align: justify;\">Ol\u00e1, meninas!<\/p>\n<p>Selecionei alguns modelos que considero adequados para serem usados em cerimonia no cart\u00f3rio ou para casamentos no civil.<\/p>\n<p>Com rela\u00e7\u00e3o as cores, sugiro tons claro, tipo marfim, branco off white, beje, caramelo, e para quem gosta de um tom mais forte, vinho\/bord\u00f4.<\/p>\n<p>Ah, e claro n\u00e3o me esqueci das noivas gr\u00e1vidas, espero que gostem!!<\/p>\n<p>bjs e felicidades;<\/p>\n<p>Bia.<\/p><\/div>\n","protected":false},"excerpt":{"rendered":"<p>Gostei do modelo, mas para ser usado por uma noiva sugiro que seja feito em outra cor claro, casamento \u00e9 sinonimo de alegria e n\u00e3o combina com o preto. modelos para serem usados no cart\u00f3rio no inverno. Cerimonia no civil em casa para familiares e amigos \u00edntimos. Ideal para noiva gr\u00e1vida. &nbsp; Ol\u00e1, meninas! Selecionei alguns modelos que considero adequados para serem usados em cerimonia no cart\u00f3rio ou para casamentos no civil. Com rela\u00e7\u00e3o as cores, sugiro tons claro, tipo marfim, branco off white, beje, caramelo, e para quem gosta&#8230;<\/p>\n","protected":false},"author":2,"featured_media":0,"comment_status":"open","ping_status":"open","sticky":false,"template":"","format":"standard","meta":{"footnotes":""},"categories":[824],"tags":[856,975],"class_list":["post-4326","post","type-post","status-publish","format-standard","hentry","category-sem-categoria-pt","tag-blog","tag-cartorio"],"_links":{"self":[{"href":"https:\/\/dopedidoaoaltar.com\/en\/wp-json\/wp\/v2\/posts\/4326","targetHints":{"allow":["GET"]}}],"collection":[{"href":"https:\/\/dopedidoaoaltar.com\/en\/wp-json\/wp\/v2\/posts"}],"about":[{"href":"https:\/\/dopedidoaoaltar.com\/en\/wp-json\/wp\/v2\/types\/post"}],"author":[{"embeddable":true,"href":"https:\/\/dopedidoaoaltar.com\/en\/wp-json\/wp\/v2\/users\/2"}],"replies":[{"embeddable":true,"href":"https:\/\/dopedidoaoaltar.com\/en\/wp-json\/wp\/v2\/comments?post=4326"}],"version-history":[{"count":1,"href":"https:\/\/dopedidoaoaltar.com\/en\/wp-json\/wp\/v2\/posts\/4326\/revisions"}],"predecessor-version":[{"id":5538,"href":"https:\/\/dopedidoaoaltar.com\/en\/wp-json\/wp\/v2\/posts\/4326\/revisions\/5538"}],"wp:attachment":[{"href":"https:\/\/dopedidoaoaltar.com\/en\/wp-json\/wp\/v2\/media?parent=4326"}],"wp:term":[{"taxonomy":"category","embeddable":true,"href":"https:\/\/dopedidoaoaltar.com\/en\/wp-json\/wp\/v2\/categories?post=4326"},{"taxonomy":"post_tag","embeddable":true,"href":"https:\/\/dopedidoaoaltar.com\/en\/wp-json\/wp\/v2\/tags?post=4326"}],"curies":[{"name":"wp","href":"https:\/\/api.w.org\/{rel}","templated":true}]}}