{"id":4255,"date":"2012-08-06T09:30:00","date_gmt":"2012-08-06T09:30:00","guid":{"rendered":"http:\/\/ricardoreisdasilva.org\/dopedidoaoaltar\/2012\/08\/06\/casamento-de-marcelo-serrado-e-roberta-fernandes\/"},"modified":"2016-11-18T17:33:37","modified_gmt":"2016-11-18T17:33:37","slug":"casamento-de-marcelo-serrado-e-roberta-fernandes","status":"publish","type":"post","link":"https:\/\/dopedidoaoaltar.com\/en\/2012\/08\/06\/casamento-de-marcelo-serrado-e-roberta-fernandes\/","title":{"rendered":"Casamento de Marcelo Serrado e Roberta Fernandes."},"content":{"rendered":"<div style=\"clear: both; text-align: center;\"><a style=\"margin-left: 1em; margin-right: 1em;\" href=\"http:\/\/3.bp.blogspot.com\/-9nZ1pacKcT0\/UB7WKXEEd4I\/AAAAAAAAEu4\/NmyiQ6o2r3k\/s1600\/77754-700x487.jpg\"><img decoding=\"async\" data-src=\"http:\/\/3.bp.blogspot.com\/-9nZ1pacKcT0\/UB7WKXEEd4I\/AAAAAAAAEu4\/NmyiQ6o2r3k\/s320\/77754-700x487.jpg\" width=\"320\" height=\"221\" border=\"0\" src=\"data:image\/svg+xml;base64,PHN2ZyB3aWR0aD0iMSIgaGVpZ2h0PSIxIiB4bWxucz0iaHR0cDovL3d3dy53My5vcmcvMjAwMC9zdmciPjwvc3ZnPg==\" class=\"lazyload\" style=\"--smush-placeholder-width: 320px; --smush-placeholder-aspect-ratio: 320\/221;\" \/><\/a><\/div>\n<div style=\"text-align: justify;\">Ol\u00e1 minha amigas!<\/div>\n<div style=\"text-align: justify;\"><\/div>\n<div style=\"text-align: justify;\">Passei por aqui hoje s\u00f3 para dizer que aprovei tudo que vi no casamento de Marcelo Serrado, a noiva teve muito bom gosto, pena que n\u00e3o achei fotos da decor da festa, entretanto, parab\u00e9ns aos dois pela classe e estilo, ah quero destacar tamb\u00e9m o traje de Marcelo, perfeitooooooooooooo, mto parecido com o usado pelo meu marido no dia do nosso casamento, felicidades ao casal !!<\/div>\n<div style=\"text-align: justify;\"><\/div>\n<div style=\"text-align: justify;\">bjs e boa semana;<\/div>\n<div style=\"text-align: justify;\"><\/div>\n<div style=\"text-align: justify;\">Bia.<\/div>\n<div style=\"text-align: justify;\"><\/div>\n<div style=\"text-align: justify;\"><span style=\"color: #999999; font-size: x-small;\">http:\/\/ofuxico.terra.com.br\/fotos-de-famosos\/marcelo-serrado-se-casa-com-bailarina-roberta-fernandes-fotos\/2012\/08\/04-5612.html<\/span><\/div>\n<p>&nbsp;<\/p>\n","protected":false},"excerpt":{"rendered":"<p>Ol\u00e1 minha amigas! Passei por aqui hoje s\u00f3 para dizer que aprovei tudo que vi no casamento de Marcelo Serrado, a noiva teve muito bom gosto, pena que n\u00e3o achei fotos da decor da festa, entretanto, parab\u00e9ns aos dois pela classe e estilo, ah quero destacar tamb\u00e9m o traje de Marcelo, perfeitooooooooooooo, mto parecido com o usado pelo meu marido no dia do nosso casamento, felicidades ao casal !! bjs e boa semana; Bia. http:\/\/ofuxico.terra.com.br\/fotos-de-famosos\/marcelo-serrado-se-casa-com-bailarina-roberta-fernandes-fotos\/2012\/08\/04-5612.html &nbsp;<\/p>\n","protected":false},"author":2,"featured_media":0,"comment_status":"open","ping_status":"open","sticky":false,"template":"","format":"standard","meta":{"footnotes":""},"categories":[824],"tags":[],"class_list":["post-4255","post","type-post","status-publish","format-standard","hentry","category-sem-categoria-pt"],"_links":{"self":[{"href":"https:\/\/dopedidoaoaltar.com\/en\/wp-json\/wp\/v2\/posts\/4255","targetHints":{"allow":["GET"]}}],"collection":[{"href":"https:\/\/dopedidoaoaltar.com\/en\/wp-json\/wp\/v2\/posts"}],"about":[{"href":"https:\/\/dopedidoaoaltar.com\/en\/wp-json\/wp\/v2\/types\/post"}],"author":[{"embeddable":true,"href":"https:\/\/dopedidoaoaltar.com\/en\/wp-json\/wp\/v2\/users\/2"}],"replies":[{"embeddable":true,"href":"https:\/\/dopedidoaoaltar.com\/en\/wp-json\/wp\/v2\/comments?post=4255"}],"version-history":[{"count":1,"href":"https:\/\/dopedidoaoaltar.com\/en\/wp-json\/wp\/v2\/posts\/4255\/revisions"}],"predecessor-version":[{"id":5466,"href":"https:\/\/dopedidoaoaltar.com\/en\/wp-json\/wp\/v2\/posts\/4255\/revisions\/5466"}],"wp:attachment":[{"href":"https:\/\/dopedidoaoaltar.com\/en\/wp-json\/wp\/v2\/media?parent=4255"}],"wp:term":[{"taxonomy":"category","embeddable":true,"href":"https:\/\/dopedidoaoaltar.com\/en\/wp-json\/wp\/v2\/categories?post=4255"},{"taxonomy":"post_tag","embeddable":true,"href":"https:\/\/dopedidoaoaltar.com\/en\/wp-json\/wp\/v2\/tags?post=4255"}],"curies":[{"name":"wp","href":"https:\/\/api.w.org\/{rel}","templated":true}]}}