{"id":4211,"date":"2013-01-08T22:50:00","date_gmt":"2013-01-08T22:50:00","guid":{"rendered":"http:\/\/ricardoreisdasilva.org\/dopedidoaoaltar\/2013\/01\/08\/dia-do-fotografo-8-de-janeiro\/"},"modified":"2016-11-23T16:01:40","modified_gmt":"2016-11-23T16:01:40","slug":"dia-do-fotografo-8-de-janeiro","status":"publish","type":"post","link":"https:\/\/dopedidoaoaltar.com\/en\/2013\/01\/08\/dia-do-fotografo-8-de-janeiro\/","title":{"rendered":"Dia do fot\u00f3grafo &#8211; 8 de janeiro!"},"content":{"rendered":"<div style=\"clear: both; text-align: center;\"><a style=\"margin-left: 1em; margin-right: 1em;\" href=\"http:\/\/2.bp.blogspot.com\/-Q7fHbu7GErs\/UOyhFN-XuHI\/AAAAAAAAGUE\/ns8BGo38MAk\/s1600\/4898851666_fd6a6424c8_z_large.jpg\"><img decoding=\"async\" data-src=\"http:\/\/2.bp.blogspot.com\/-Q7fHbu7GErs\/UOyhFN-XuHI\/AAAAAAAAGUE\/ns8BGo38MAk\/s320\/4898851666_fd6a6424c8_z_large.jpg\" width=\"320\" height=\"212\" border=\"0\" src=\"data:image\/svg+xml;base64,PHN2ZyB3aWR0aD0iMSIgaGVpZ2h0PSIxIiB4bWxucz0iaHR0cDovL3d3dy53My5vcmcvMjAwMC9zdmciPjwvc3ZnPg==\" class=\"lazyload\" style=\"--smush-placeholder-width: 320px; --smush-placeholder-aspect-ratio: 320\/212;\" \/><\/a><\/div>\n<div style=\"text-align: center;\"><\/div>\n<div style=\"text-align: center;\">Hoje meu dia foi corrido e s\u00f3 agora estou conseguindo estar um pouco no computador, mas de qualquer forma, n\u00e3o poderia esquecer de deixar registrado aqui no blog o meu abra\u00e7o apertado a todos os fot\u00f3grafos do mundo, e um especial a minha fot\u00f3grafa farovita e eterna amiga Val\u00e9ria Simonin, desejo a todos nesta data e sempre muitas felicidades e grandes inspira\u00e7\u00f5es na captura de vossas imagens!<\/div>\n<div style=\"text-align: center;\">bjs da vossa colega wedding planner;<\/div>\n<div style=\"text-align: center;\">Bianca Oliveira.<\/div>\n<p>&nbsp;<\/p>\n","protected":false},"excerpt":{"rendered":"<p>Hoje meu dia foi corrido e s\u00f3 agora estou conseguindo estar um pouco no computador, mas de qualquer forma, n\u00e3o poderia esquecer de deixar registrado aqui no blog o meu abra\u00e7o apertado a todos os fot\u00f3grafos do mundo, e um especial a minha fot\u00f3grafa farovita e eterna amiga Val\u00e9ria Simonin, desejo a todos nesta data e sempre muitas felicidades e grandes inspira\u00e7\u00f5es na captura de vossas imagens! bjs da vossa colega wedding planner; Bianca Oliveira. &nbsp;<\/p>\n","protected":false},"author":2,"featured_media":0,"comment_status":"open","ping_status":"open","sticky":false,"template":"","format":"standard","meta":{"footnotes":""},"categories":[824],"tags":[856,933],"class_list":["post-4211","post","type-post","status-publish","format-standard","hentry","category-sem-categoria-pt","tag-blog","tag-outro"],"_links":{"self":[{"href":"https:\/\/dopedidoaoaltar.com\/en\/wp-json\/wp\/v2\/posts\/4211","targetHints":{"allow":["GET"]}}],"collection":[{"href":"https:\/\/dopedidoaoaltar.com\/en\/wp-json\/wp\/v2\/posts"}],"about":[{"href":"https:\/\/dopedidoaoaltar.com\/en\/wp-json\/wp\/v2\/types\/post"}],"author":[{"embeddable":true,"href":"https:\/\/dopedidoaoaltar.com\/en\/wp-json\/wp\/v2\/users\/2"}],"replies":[{"embeddable":true,"href":"https:\/\/dopedidoaoaltar.com\/en\/wp-json\/wp\/v2\/comments?post=4211"}],"version-history":[{"count":1,"href":"https:\/\/dopedidoaoaltar.com\/en\/wp-json\/wp\/v2\/posts\/4211\/revisions"}],"predecessor-version":[{"id":5424,"href":"https:\/\/dopedidoaoaltar.com\/en\/wp-json\/wp\/v2\/posts\/4211\/revisions\/5424"}],"wp:attachment":[{"href":"https:\/\/dopedidoaoaltar.com\/en\/wp-json\/wp\/v2\/media?parent=4211"}],"wp:term":[{"taxonomy":"category","embeddable":true,"href":"https:\/\/dopedidoaoaltar.com\/en\/wp-json\/wp\/v2\/categories?post=4211"},{"taxonomy":"post_tag","embeddable":true,"href":"https:\/\/dopedidoaoaltar.com\/en\/wp-json\/wp\/v2\/tags?post=4211"}],"curies":[{"name":"wp","href":"https:\/\/api.w.org\/{rel}","templated":true}]}}