{"id":4195,"date":"2013-02-21T19:12:00","date_gmt":"2013-02-21T19:12:00","guid":{"rendered":"http:\/\/ricardoreisdasilva.org\/dopedidoaoaltar\/2013\/02\/21\/meu-casamento-no-forum-casamentoclick-portugal\/"},"modified":"2016-11-18T17:08:10","modified_gmt":"2016-11-18T17:08:10","slug":"meu-casamento-no-forum-casamentoclick-portugal","status":"publish","type":"post","link":"https:\/\/dopedidoaoaltar.com\/en\/2013\/02\/21\/meu-casamento-no-forum-casamentoclick-portugal\/","title":{"rendered":"Meu casamento no F\u00f3rum Casamentoclick Portugal."},"content":{"rendered":"<div style=\"clear: both; text-align: center;\"><a style=\"margin-left: 1em; margin-right: 1em;\" href=\"http:\/\/2.bp.blogspot.com\/-yqJLLy25GG0\/USZto2yg5bI\/AAAAAAAAHV4\/J3AQEwLfB3I\/s1600\/_DSC4551.jpg\"><img decoding=\"async\" data-src=\"http:\/\/2.bp.blogspot.com\/-yqJLLy25GG0\/USZto2yg5bI\/AAAAAAAAHV4\/J3AQEwLfB3I\/s320\/_DSC4551.jpg\" width=\"320\" height=\"214\" border=\"0\" src=\"data:image\/svg+xml;base64,PHN2ZyB3aWR0aD0iMSIgaGVpZ2h0PSIxIiB4bWxucz0iaHR0cDovL3d3dy53My5vcmcvMjAwMC9zdmciPjwvc3ZnPg==\" class=\"lazyload\" style=\"--smush-placeholder-width: 320px; --smush-placeholder-aspect-ratio: 320\/214;\" \/><\/a><\/div>\n<div style=\"text-align: justify;\"><\/div>\n<div style=\"text-align: justify;\">Bom dia minhas amigas!<\/div>\n<div style=\"text-align: justify;\"><\/div>\n<div style=\"text-align: justify;\">Nunca imaginei que o meu casamento fosse fazer tanto sucesso em Portugal, por causa dele, j\u00e1 dei uma entrevista em um programa da tarde na TVI e agora fui contactada novamente, mas desta vez, por um F\u00f3rum de casamentos, o Casamentoclick Portugal.<\/div>\n<div style=\"text-align: justify;\"><\/div>\n<div style=\"text-align: justify;\">Penso que caiu nas gra\u00e7as dos portugueses, pela verdade que o meu casamento transmite, vale a pena dizer que no m\u00eas que vem fa\u00e7o 4 anos de casada, e n\u00e3o s\u00f3, pelo <b>AMOR<\/b> e carinho com que tudo foi planejado, organizado e constru\u00eddo a dois.<\/div>\n<div style=\"text-align: justify;\"><\/div>\n<div style=\"text-align: justify;\">Quando nos dedicamos de corpo e alma a um projeto seja ele qual for, de certeza que dar\u00e1 certo e trar\u00e1 muitas felicidades!<\/div>\n<div style=\"text-align: justify;\"><\/div>\n<div style=\"text-align: justify;\">Tanto a organiza\u00e7\u00e3o, como o dia e a const\u00e2ncia do meu casamento teve e tem alicerses muito s\u00f3lidos, e este \u00e9 um dos segredos do sucesso de um casamento duradouro!<\/div>\n<div style=\"text-align: justify;\"><\/div>\n<div style=\"text-align: justify;\">Bem, aproveito a oportunidade para agradecer o carinho e a criatividade da Maria Jo\u00e3o, respons\u00e1vel pela publica\u00e7\u00e3o da mat\u00e9ria no referido F\u00f3rum, e a todos da equipa da p\u00e1gina do facebook aonde sou ass\u00eddua a dar as minhas opini\u00f5es di\u00e1rias n\u00e9?<\/div>\n<div style=\"text-align: justify;\"><\/div>\n<div style=\"text-align: justify;\">Ah, a Maria ficou encantada com o &#8220;dia da noiva&#8221; costume brasileiro, isso pode tamb\u00e9m come\u00e7ar a vir ser uma tend\u00eancia em Portugal, pq n\u00e3o? rs&#8230;.<\/div>\n<div style=\"text-align: justify;\"><\/div>\n<div style=\"text-align: justify;\">Amo o meu trabalho, e viva a todos os casamentos do mundo!<\/div>\n<div style=\"text-align: justify;\"><\/div>\n<div style=\"text-align: justify;\">bjs e segue o link&#8230;.<\/div>\n<div style=\"text-align: justify;\"><\/div>\n<div style=\"text-align: justify;\"><a href=\"http:\/\/www.casamentoclick.com\/comunidade-pt\/casamentos-portugal\/o-dia-da-noiva-no-brasil\/\" target=\"_blank\">http:\/\/www.casamentoclick.com\/comunidade-pt\/casamentos-portugal\/o-dia-da-noiva-no-brasil\/<\/a><\/div>\n<p>&nbsp;<\/p>\n","protected":false},"excerpt":{"rendered":"<p>Bom dia minhas amigas! Nunca imaginei que o meu casamento fosse fazer tanto sucesso em Portugal, por causa dele, j\u00e1 dei uma entrevista em um programa da tarde na TVI e agora fui contactada novamente, mas desta vez, por um F\u00f3rum de casamentos, o Casamentoclick Portugal. Penso que caiu nas gra\u00e7as dos portugueses, pela verdade que o meu casamento transmite, vale a pena dizer que no m\u00eas que vem fa\u00e7o 4 anos de casada, e n\u00e3o s\u00f3, pelo AMOR e carinho com que tudo foi planejado, organizado e constru\u00eddo a&#8230;<\/p>\n","protected":false},"author":2,"featured_media":0,"comment_status":"open","ping_status":"open","sticky":false,"template":"","format":"standard","meta":{"footnotes":""},"categories":[824],"tags":[],"class_list":["post-4195","post","type-post","status-publish","format-standard","hentry","category-sem-categoria-pt"],"_links":{"self":[{"href":"https:\/\/dopedidoaoaltar.com\/en\/wp-json\/wp\/v2\/posts\/4195","targetHints":{"allow":["GET"]}}],"collection":[{"href":"https:\/\/dopedidoaoaltar.com\/en\/wp-json\/wp\/v2\/posts"}],"about":[{"href":"https:\/\/dopedidoaoaltar.com\/en\/wp-json\/wp\/v2\/types\/post"}],"author":[{"embeddable":true,"href":"https:\/\/dopedidoaoaltar.com\/en\/wp-json\/wp\/v2\/users\/2"}],"replies":[{"embeddable":true,"href":"https:\/\/dopedidoaoaltar.com\/en\/wp-json\/wp\/v2\/comments?post=4195"}],"version-history":[{"count":1,"href":"https:\/\/dopedidoaoaltar.com\/en\/wp-json\/wp\/v2\/posts\/4195\/revisions"}],"predecessor-version":[{"id":5408,"href":"https:\/\/dopedidoaoaltar.com\/en\/wp-json\/wp\/v2\/posts\/4195\/revisions\/5408"}],"wp:attachment":[{"href":"https:\/\/dopedidoaoaltar.com\/en\/wp-json\/wp\/v2\/media?parent=4195"}],"wp:term":[{"taxonomy":"category","embeddable":true,"href":"https:\/\/dopedidoaoaltar.com\/en\/wp-json\/wp\/v2\/categories?post=4195"},{"taxonomy":"post_tag","embeddable":true,"href":"https:\/\/dopedidoaoaltar.com\/en\/wp-json\/wp\/v2\/tags?post=4195"}],"curies":[{"name":"wp","href":"https:\/\/api.w.org\/{rel}","templated":true}]}}