{"id":4124,"date":"2015-02-10T13:36:00","date_gmt":"2015-02-10T13:36:00","guid":{"rendered":"http:\/\/ricardoreisdasilva.org\/dopedidoaoaltar\/2015\/02\/10\/o-dress-code-do-casamento\/"},"modified":"2023-05-29T13:22:02","modified_gmt":"2023-05-29T13:22:02","slug":"o-dress-code-do-casamento","status":"publish","type":"post","link":"https:\/\/dopedidoaoaltar.com\/en\/2015\/02\/10\/o-dress-code-do-casamento\/","title":{"rendered":"O Dress code do casamento."},"content":{"rendered":"<div style=\"text-align: justify;\"><span style=\"font-size: small;\">Ol\u00e1 noivas, madrinhas e convidadas!<\/span><\/div>\n<div style=\"text-align: justify;\"><span style=\"font-size: small;\">\u00a0<\/span><\/div>\n<div style=\"text-align: justify;\"><span style=\"font-size: small;\">H\u00e1 uma d\u00favida recorrente entre as convidadas, madrinhas e padrinhos na hora de escolher o traje para ir a um casamento.<\/span><\/div>\n<div style=\"text-align: justify;\"><span style=\"font-size: small;\">\u00a0<\/span><\/div>\n<div style=\"text-align: justify;\"><span style=\"font-size: small;\">Nesta altura o que deve prevalecer ser\u00e1 sempre o bom senso, parece dif\u00edcil mas na verdade \u00e9 muito simples.<\/span><\/div>\n<div style=\"text-align: justify;\"><span style=\"font-size: small;\">\u00a0<\/span><\/div>\n<div style=\"text-align: justify;\"><span style=\"font-size: small;\">Pense nas seguintes quest\u00f5es quando for definir a roupa:<\/span><\/div>\n<div style=\"text-align: justify;\"><\/div>\n<div style=\"text-align: justify;\"><\/div>\n<div style=\"text-align: justify;\"><span style=\"font-size: small;\">&#8211; Hora da cerim\u00f3nia;<\/span><\/div>\n<div style=\"text-align: justify;\"><span style=\"font-size: small;\">&#8211; Local;<\/span><\/div>\n<div style=\"text-align: justify;\"><span style=\"font-size: small;\">&#8211; Pedido dos noivos;<\/span><\/div>\n<div style=\"text-align: justify;\"><span style=\"font-size: small;\">&#8211; Estilo do casamento;<\/span><\/div>\n<div style=\"text-align: justify;\"><\/div>\n<div style=\"text-align: justify;\"><span style=\"font-size: small;\">Em primeiro lugar, se voc\u00ea n\u00e3o for a noiva jamais use a cor branca e isso tamb\u00e9m vale para o of white, nude e similares a n\u00e3o ser que seu objetivo seja chamar mais aten\u00e7\u00e3o do que a noiva. A cor branca, \u00e9 e sempre ser\u00e1 exclusiva da noiva e isso deve ser respeitado certo? Com a exce\u00e7\u00e3o dos casos aonde os noivos pedem para os convidados irem de branco, da\u00ed tudo bem.<\/span><\/div>\n<div style=\"clear: both; text-align: center;\"><\/div>\n<div style=\"text-align: justify;\"><img decoding=\"async\" class=\"aligncenter wp-image-4889 size-full lazyload\" data-src=\"https:\/\/dopedidoaoaltar.com\/wp2025\/wp-content\/uploads\/2015\/02\/10268571_653671234760494_1941718943183462970_n-1.jpg\" alt=\"10268571_653671234760494_1941718943183462970_n\" width=\"900\" height=\"600\" data-srcset=\"https:\/\/dopedidoaoaltar.com\/wp2025\/wp-content\/uploads\/2015\/02\/10268571_653671234760494_1941718943183462970_n-1.jpg 900w, https:\/\/dopedidoaoaltar.com\/wp2025\/wp-content\/uploads\/2015\/02\/10268571_653671234760494_1941718943183462970_n-1-600x400.jpg 600w, https:\/\/dopedidoaoaltar.com\/wp2025\/wp-content\/uploads\/2015\/02\/10268571_653671234760494_1941718943183462970_n-1-300x200.jpg 300w, https:\/\/dopedidoaoaltar.com\/wp2025\/wp-content\/uploads\/2015\/02\/10268571_653671234760494_1941718943183462970_n-1-768x512.jpg 768w\" data-sizes=\"(max-width: 900px) 100vw, 900px\" src=\"data:image\/svg+xml;base64,PHN2ZyB3aWR0aD0iMSIgaGVpZ2h0PSIxIiB4bWxucz0iaHR0cDovL3d3dy53My5vcmcvMjAwMC9zdmciPjwvc3ZnPg==\" style=\"--smush-placeholder-width: 900px; --smush-placeholder-aspect-ratio: 900\/600;\" \/><\/div>\n<div style=\"text-align: justify;\"><span style=\"font-size: small;\">Outro ponto a ser levado em considera\u00e7\u00e3o \u00e9 o pedido dos noivos, h\u00e1 casais que escolhem o dress code do casamento e isso deve ser informado nos convites ou no site do casamento para facilitar a vida dos convidados, e mesmo que os noivos se esque\u00e7am de avisar, nunca, eu disse NUNCAAAAAA v\u00e1 a um casamento de cal\u00e7a jeans, a n\u00e3o ser que o casamento seja na praia inserido numa atmosfera mais descontra\u00edda. (<i>Essa dica \u00e9 para os homens claro<\/i>)<\/span><\/div>\n<div style=\"text-align: justify;\"><\/div>\n<div style=\"text-align: justify;\"><span style=\"font-size: small;\">Alguns designers recomendam apostar em pe\u00e7as cl\u00e1ssicas quando existe o medo de errar. Cores discretas s\u00e3o sempre bem vindas, evite extravag\u00e2ncias para n\u00e3o causar constrangimentos no evento.<\/span><\/div>\n<div style=\"text-align: justify;\"><span style=\"font-size: small;\">\u00a0<\/span><\/div>\n<div style=\"text-align: justify;\"><b><span style=\"font-size: small;\">Casamento de manh\u00e3:<\/span><\/b><\/div>\n<div style=\"text-align: justify;\"><span style=\"font-size: small;\">\u00a0<\/span><\/div>\n<div style=\"text-align: justify;\"><span style=\"font-size: small;\">Minha sugest\u00e3o para as cerim\u00f3nias em locais abertos e de manh\u00e3 s\u00e3o cores alegres, estampas florais s\u00e3o lindas mas sem exageros. Invista em looks leves com tecidos fluidos. Lembre-se, ainda que seja uma festa durante o dia, \u00e9 um evento formal. Evite vestidos muito curtos e tecidos simples. Mesmo que seja um casamento descontra\u00eddo, n\u00e3o v\u00e1 de mini saia e batas n\u00e9? At\u00e9 porque, estamos a falar de casamentos, aonde o bom gosto e bom senso devem sempre prevalecer.<\/span><\/div>\n<div style=\"text-align: justify;\"><\/div>\n<div style=\"clear: both; text-align: center;\"><\/div>\n<div style=\"text-align: justify;\">\u00a0<img decoding=\"async\" class=\"aligncenter wp-image-4892 size-full lazyload\" data-src=\"https:\/\/dopedidoaoaltar.com\/wp2025\/wp-content\/uploads\/2015\/02\/MADRINHA-DIAok-1.jpg\" alt=\"madrinha-diaok\" width=\"520\" height=\"558\" data-srcset=\"https:\/\/dopedidoaoaltar.com\/wp2025\/wp-content\/uploads\/2015\/02\/MADRINHA-DIAok-1.jpg 520w, https:\/\/dopedidoaoaltar.com\/wp2025\/wp-content\/uploads\/2015\/02\/MADRINHA-DIAok-1-280x300.jpg 280w\" data-sizes=\"(max-width: 520px) 100vw, 520px\" src=\"data:image\/svg+xml;base64,PHN2ZyB3aWR0aD0iMSIgaGVpZ2h0PSIxIiB4bWxucz0iaHR0cDovL3d3dy53My5vcmcvMjAwMC9zdmciPjwvc3ZnPg==\" style=\"--smush-placeholder-width: 520px; --smush-placeholder-aspect-ratio: 520\/558;\" \/><\/div>\n<div style=\"text-align: justify;\"><span style=\"font-size: small;\"><b>Casamento ao fim da tarde ou a noite:<\/b><\/span><\/div>\n<div style=\"text-align: justify;\"><span style=\"font-size: small;\"><b>\u00a0<\/b><br \/>\nDentro deste hor\u00e1rio as escolhas podem ser mais ousadas, mas ainda assim \u00e9 necess\u00e1rio cuidado para n\u00e3o exagerar. Mesmo que a cerim\u00f3nia seja a noite penso que n\u00e3o deve optar por vestidos com megas decotes e acess\u00f3rios com brilho intenso.<\/span><\/div>\n<div style=\"text-align: justify;\"><\/div>\n<div style=\"text-align: justify;\"><\/div>\n<div style=\"text-align: justify;\"><span style=\"font-size: small;\">Algumas mulheres adoram um decote, o segredo \u00e9 ponderar, se for bem confeccionado tanto nas costas quanto nos seios valoriza qualquer corpo. \u00c9 s\u00f3 saber usa-los de forma correta.<\/span><\/div>\n<div style=\"text-align: justify;\"><\/div>\n<div style=\"text-align: justify;\"><\/div>\n<div style=\"text-align: justify;\"><span style=\"font-size: small;\">A noite, as cores escuras podem ser usadas tranquilamente. Para n\u00e3o ficar com um look muito pesado, tente combinar a cor escura do vestido com uma maquilhagem mais leve. Mas se for madrinha ou m\u00e3e dos noivos evite o preto que sempre ser\u00e1 associado ao luto e funerais.<\/span><\/div>\n<div style=\"text-align: justify;\"><\/div>\n<div style=\"text-align: justify;\"><span style=\"font-size: small;\">Gosto muito dos vestidos mais longos, s\u00e3o sempre elegantes.<\/span><\/div>\n<div style=\"clear: both; text-align: center;\"><\/div>\n<div style=\"text-align: justify;\"><span style=\"font-size: small;\"><img decoding=\"async\" class=\"aligncenter wp-image-4890 size-full lazyload\" data-src=\"https:\/\/dopedidoaoaltar.com\/wp2025\/wp-content\/uploads\/2015\/02\/10818494_830063300421466_1657043291032855301_o-1.jpg\" alt=\"10818494_830063300421466_1657043291032855301_o\" width=\"809\" height=\"960\" data-srcset=\"https:\/\/dopedidoaoaltar.com\/wp2025\/wp-content\/uploads\/2015\/02\/10818494_830063300421466_1657043291032855301_o-1.jpg 809w, https:\/\/dopedidoaoaltar.com\/wp2025\/wp-content\/uploads\/2015\/02\/10818494_830063300421466_1657043291032855301_o-1-600x712.jpg 600w, https:\/\/dopedidoaoaltar.com\/wp2025\/wp-content\/uploads\/2015\/02\/10818494_830063300421466_1657043291032855301_o-1-253x300.jpg 253w, https:\/\/dopedidoaoaltar.com\/wp2025\/wp-content\/uploads\/2015\/02\/10818494_830063300421466_1657043291032855301_o-1-768x911.jpg 768w\" data-sizes=\"(max-width: 809px) 100vw, 809px\" src=\"data:image\/svg+xml;base64,PHN2ZyB3aWR0aD0iMSIgaGVpZ2h0PSIxIiB4bWxucz0iaHR0cDovL3d3dy53My5vcmcvMjAwMC9zdmciPjwvc3ZnPg==\" style=\"--smush-placeholder-width: 809px; --smush-placeholder-aspect-ratio: 809\/960;\" \/><\/span><\/div>\n<div style=\"text-align: justify;\"><span style=\"font-size: small;\">\u00a0<\/span><b><span style=\"font-size: small;\">Para os homens:<\/span><\/b><\/div>\n<div style=\"text-align: justify;\"><span style=\"font-size: small;\">\u00a0<\/span><\/div>\n<div style=\"text-align: justify;\"><span style=\"font-size: small;\">Com a exce\u00e7\u00e3o dos casamentos na praia, aonde se pode usar jeans, bermudas e camisas de mangas curtas invista sempre num fato e gravata para ir a um enlace que ser\u00e1 a decis\u00e3o mais acertada.\u00a0<\/span><\/div>\n<div style=\"text-align: justify;\"><span style=\"font-size: small;\">\u00a0<\/span><\/div>\n<div style=\"text-align: justify;\"><span style=\"font-size: small;\">Para os casamentos de manh\u00e3, fatos de cor clara e se for a tarde ou noite fatos de cor escura.<\/span><\/div>\n<div style=\"clear: both; text-align: center;\"><\/div>\n<p><img decoding=\"async\" class=\"aligncenter wp-image-4888 size-full lazyload\" data-src=\"https:\/\/dopedidoaoaltar.com\/wp2025\/wp-content\/uploads\/2015\/02\/1-amarelo-1.jpg\" alt=\"1-amarelo\" width=\"322\" height=\"482\" data-srcset=\"https:\/\/dopedidoaoaltar.com\/wp2025\/wp-content\/uploads\/2015\/02\/1-amarelo-1.jpg 322w, https:\/\/dopedidoaoaltar.com\/wp2025\/wp-content\/uploads\/2015\/02\/1-amarelo-1-200x300.jpg 200w\" data-sizes=\"(max-width: 322px) 100vw, 322px\" src=\"data:image\/svg+xml;base64,PHN2ZyB3aWR0aD0iMSIgaGVpZ2h0PSIxIiB4bWxucz0iaHR0cDovL3d3dy53My5vcmcvMjAwMC9zdmciPjwvc3ZnPg==\" style=\"--smush-placeholder-width: 322px; --smush-placeholder-aspect-ratio: 322\/482;\" \/><\/p>\n<div style=\"clear: both; text-align: center;\"><\/div>\n<p><img decoding=\"async\" class=\"aligncenter wp-image-4891 size-large lazyload\" data-src=\"https:\/\/dopedidoaoaltar.com\/wp2025\/wp-content\/uploads\/2015\/02\/A-NOIVO-FRAQUE-1-683x1024.jpg\" alt=\"a-noivo-fraque\" width=\"683\" height=\"1024\" data-srcset=\"https:\/\/dopedidoaoaltar.com\/wp2025\/wp-content\/uploads\/2015\/02\/A-NOIVO-FRAQUE-1-683x1024.jpg 683w, https:\/\/dopedidoaoaltar.com\/wp2025\/wp-content\/uploads\/2015\/02\/A-NOIVO-FRAQUE-1-600x900.jpg 600w, https:\/\/dopedidoaoaltar.com\/wp2025\/wp-content\/uploads\/2015\/02\/A-NOIVO-FRAQUE-1-200x300.jpg 200w, https:\/\/dopedidoaoaltar.com\/wp2025\/wp-content\/uploads\/2015\/02\/A-NOIVO-FRAQUE-1-768x1152.jpg 768w, https:\/\/dopedidoaoaltar.com\/wp2025\/wp-content\/uploads\/2015\/02\/A-NOIVO-FRAQUE-1.jpg 1067w\" data-sizes=\"(max-width: 683px) 100vw, 683px\" src=\"data:image\/svg+xml;base64,PHN2ZyB3aWR0aD0iMSIgaGVpZ2h0PSIxIiB4bWxucz0iaHR0cDovL3d3dy53My5vcmcvMjAwMC9zdmciPjwvc3ZnPg==\" style=\"--smush-placeholder-width: 683px; --smush-placeholder-aspect-ratio: 683\/1024;\" \/><br \/>\n<span style=\"font-size: small;\">Depois dessas dicas, se ainda tiver medo de errar, consulte sua assessoria\/wedding planner ok? <\/span><br \/>\n<span style=\"font-size: small;\"><br \/>\n<\/span><span style=\"font-size: small;\">E o mais importante: sinta-se confort\u00e1vel e boa festa!!!<\/span><\/p>\n<p><span style=\"font-size: small;\">beijinhos e at\u00e9 o pr\u00f3ximo artigo,<\/span><\/p>\n<p><span style=\"font-size: small;\">Bianca Oliveira, wedding planner &amp; design.<\/span><br \/>\n<span style=\"font-size: small;\">biafsaoliveira@gmail.com<\/span><\/p>\n","protected":false},"excerpt":{"rendered":"<p>Ol\u00e1 noivas, madrinhas e convidadas! \u00a0 H\u00e1 uma d\u00favida recorrente entre as convidadas, madrinhas e padrinhos na hora de escolher o traje para ir a um casamento. \u00a0 Nesta altura o que deve prevalecer ser\u00e1 sempre o bom senso, parece dif\u00edcil mas na verdade \u00e9 muito simples. \u00a0 Pense nas seguintes quest\u00f5es quando for definir a roupa: &#8211; Hora da cerim\u00f3nia; &#8211; Local; &#8211; Pedido dos noivos; &#8211; Estilo do casamento; Em primeiro lugar, se voc\u00ea n\u00e3o for a noiva jamais use a cor branca e isso tamb\u00e9m vale para&#8230;<\/p>\n","protected":false},"author":2,"featured_media":4889,"comment_status":"open","ping_status":"open","sticky":false,"template":"","format":"standard","meta":{"footnotes":""},"categories":[824],"tags":[856,864],"class_list":["post-4124","post","type-post","status-publish","format-standard","has-post-thumbnail","hentry","category-sem-categoria-pt","tag-blog","tag-dress-code"],"_links":{"self":[{"href":"https:\/\/dopedidoaoaltar.com\/en\/wp-json\/wp\/v2\/posts\/4124","targetHints":{"allow":["GET"]}}],"collection":[{"href":"https:\/\/dopedidoaoaltar.com\/en\/wp-json\/wp\/v2\/posts"}],"about":[{"href":"https:\/\/dopedidoaoaltar.com\/en\/wp-json\/wp\/v2\/types\/post"}],"author":[{"embeddable":true,"href":"https:\/\/dopedidoaoaltar.com\/en\/wp-json\/wp\/v2\/users\/2"}],"replies":[{"embeddable":true,"href":"https:\/\/dopedidoaoaltar.com\/en\/wp-json\/wp\/v2\/comments?post=4124"}],"version-history":[{"count":3,"href":"https:\/\/dopedidoaoaltar.com\/en\/wp-json\/wp\/v2\/posts\/4124\/revisions"}],"predecessor-version":[{"id":4894,"href":"https:\/\/dopedidoaoaltar.com\/en\/wp-json\/wp\/v2\/posts\/4124\/revisions\/4894"}],"wp:featuredmedia":[{"embeddable":true,"href":"https:\/\/dopedidoaoaltar.com\/en\/wp-json\/wp\/v2\/media\/4889"}],"wp:attachment":[{"href":"https:\/\/dopedidoaoaltar.com\/en\/wp-json\/wp\/v2\/media?parent=4124"}],"wp:term":[{"taxonomy":"category","embeddable":true,"href":"https:\/\/dopedidoaoaltar.com\/en\/wp-json\/wp\/v2\/categories?post=4124"},{"taxonomy":"post_tag","embeddable":true,"href":"https:\/\/dopedidoaoaltar.com\/en\/wp-json\/wp\/v2\/tags?post=4124"}],"curies":[{"name":"wp","href":"https:\/\/api.w.org\/{rel}","templated":true}]}}