{"id":4122,"date":"2015-07-23T13:02:00","date_gmt":"2015-07-23T13:02:00","guid":{"rendered":"http:\/\/ricardoreisdasilva.org\/dopedidoaoaltar\/2015\/07\/23\/o-poder-do-arranjo-floral\/"},"modified":"2023-05-29T13:22:02","modified_gmt":"2023-05-29T13:22:02","slug":"o-poder-do-arranjo-floral","status":"publish","type":"post","link":"https:\/\/dopedidoaoaltar.com\/en\/2015\/07\/23\/o-poder-do-arranjo-floral\/","title":{"rendered":"O poder do arranjo floral."},"content":{"rendered":"<div style=\"text-align: justify;\">Ol\u00e1 meninas;<\/div>\n<div style=\"text-align: justify;\"><\/div>\n<div style=\"text-align: justify;\">A \u00e9poca alta dos casamentos anda a for\u00e7a toda e nesta altura como voc\u00eas sabem resta-me pouqu\u00edssimo tempo para escrever artigos.<\/div>\n<div style=\"text-align: justify;\"><\/div>\n<div style=\"text-align: justify;\">Entretanto, vou tentar ser breve neste post porque pretendo vos mostrar algumas imagens bem giras de arranjos florais. Mesmo que voc\u00ea n\u00e3o tenha muito dinheiro para investir no aluguer dos acess\u00f3rios de decora\u00e7\u00e3o, ter arranjos que preencham os espa\u00e7os e que sejam giros ser\u00e1 de certeza uma bela cartada de mestre!<\/div>\n<div style=\"text-align: justify;\"><\/div>\n<div style=\"text-align: justify;\">Sua decoradora saber\u00e1 conjugar as melhores escolhas que v\u00e1 de encontro tanto com a atmosfera do sal\u00e3o como tamb\u00e9m nas dimens\u00f5es do mesmo. Fica a dica!<\/div>\n<div style=\"text-align: justify;\"><\/div>\n<div style=\"text-align: justify;\">Segue alguns arranjos florais que aprecio e que est\u00e3o em alta:<\/div>\n<div style=\"clear: both; text-align: center;\"><\/div>\n<p><img decoding=\"async\" class=\"aligncenter wp-image-4876 size-full lazyload\" data-src=\"https:\/\/dopedidoaoaltar.com\/wp2025\/wp-content\/uploads\/2015\/07\/AUSTIN-FILM-PHOTOGRAPHER-3-600x452-1.jpg\" alt=\"austin-film-photographer-3-600x452\" width=\"600\" height=\"452\" data-srcset=\"https:\/\/dopedidoaoaltar.com\/wp2025\/wp-content\/uploads\/2015\/07\/AUSTIN-FILM-PHOTOGRAPHER-3-600x452-1.jpg 600w, https:\/\/dopedidoaoaltar.com\/wp2025\/wp-content\/uploads\/2015\/07\/AUSTIN-FILM-PHOTOGRAPHER-3-600x452-1-300x226.jpg 300w\" data-sizes=\"(max-width: 600px) 100vw, 600px\" src=\"data:image\/svg+xml;base64,PHN2ZyB3aWR0aD0iMSIgaGVpZ2h0PSIxIiB4bWxucz0iaHR0cDovL3d3dy53My5vcmcvMjAwMC9zdmciPjwvc3ZnPg==\" style=\"--smush-placeholder-width: 600px; --smush-placeholder-aspect-ratio: 600\/452;\" \/><img decoding=\"async\" class=\"aligncenter wp-image-4873 size-full lazyload\" data-src=\"https:\/\/dopedidoaoaltar.com\/wp2025\/wp-content\/uploads\/2015\/07\/1351f287d77cca2cde3a06737a4fe3f6-1.jpg\" alt=\"1351f287d77cca2cde3a06737a4fe3f6\" width=\"427\" height=\"640\" data-srcset=\"https:\/\/dopedidoaoaltar.com\/wp2025\/wp-content\/uploads\/2015\/07\/1351f287d77cca2cde3a06737a4fe3f6-1.jpg 427w, https:\/\/dopedidoaoaltar.com\/wp2025\/wp-content\/uploads\/2015\/07\/1351f287d77cca2cde3a06737a4fe3f6-1-200x300.jpg 200w\" data-sizes=\"(max-width: 427px) 100vw, 427px\" src=\"data:image\/svg+xml;base64,PHN2ZyB3aWR0aD0iMSIgaGVpZ2h0PSIxIiB4bWxucz0iaHR0cDovL3d3dy53My5vcmcvMjAwMC9zdmciPjwvc3ZnPg==\" style=\"--smush-placeholder-width: 427px; --smush-placeholder-aspect-ratio: 427\/640;\" \/><img decoding=\"async\" class=\"aligncenter wp-image-4877 size-full lazyload\" data-src=\"https:\/\/dopedidoaoaltar.com\/wp2025\/wp-content\/uploads\/2015\/07\/f48c3d5fdb0122c38c4cf368720d1618-1.jpg\" alt=\"f48c3d5fdb0122c38c4cf368720d1618\" width=\"427\" height=\"640\" data-srcset=\"https:\/\/dopedidoaoaltar.com\/wp2025\/wp-content\/uploads\/2015\/07\/f48c3d5fdb0122c38c4cf368720d1618-1.jpg 427w, https:\/\/dopedidoaoaltar.com\/wp2025\/wp-content\/uploads\/2015\/07\/f48c3d5fdb0122c38c4cf368720d1618-1-200x300.jpg 200w\" data-sizes=\"(max-width: 427px) 100vw, 427px\" src=\"data:image\/svg+xml;base64,PHN2ZyB3aWR0aD0iMSIgaGVpZ2h0PSIxIiB4bWxucz0iaHR0cDovL3d3dy53My5vcmcvMjAwMC9zdmciPjwvc3ZnPg==\" style=\"--smush-placeholder-width: 427px; --smush-placeholder-aspect-ratio: 427\/640;\" \/><img decoding=\"async\" class=\"aligncenter wp-image-4874 size-full lazyload\" data-src=\"https:\/\/dopedidoaoaltar.com\/wp2025\/wp-content\/uploads\/2015\/07\/10660253_799597663408926_4116027235200092206_n-1.jpg\" alt=\"10660253_799597663408926_4116027235200092206_n\" width=\"600\" height=\"401\" data-srcset=\"https:\/\/dopedidoaoaltar.com\/wp2025\/wp-content\/uploads\/2015\/07\/10660253_799597663408926_4116027235200092206_n-1.jpg 600w, https:\/\/dopedidoaoaltar.com\/wp2025\/wp-content\/uploads\/2015\/07\/10660253_799597663408926_4116027235200092206_n-1-300x201.jpg 300w\" data-sizes=\"(max-width: 600px) 100vw, 600px\" src=\"data:image\/svg+xml;base64,PHN2ZyB3aWR0aD0iMSIgaGVpZ2h0PSIxIiB4bWxucz0iaHR0cDovL3d3dy53My5vcmcvMjAwMC9zdmciPjwvc3ZnPg==\" style=\"--smush-placeholder-width: 600px; --smush-placeholder-aspect-ratio: 600\/401;\" \/><\/p>\n<div style=\"clear: both; text-align: center;\"><\/div>\n<div style=\"clear: both; text-align: center;\"><\/div>\n<p>&nbsp;<\/p>\n<div style=\"clear: both; text-align: center;\"><\/div>\n<div style=\"clear: both; text-align: center;\"><\/div>\n<div style=\"clear: both; text-align: center;\"><\/div>\n<div style=\"text-align: justify;\">N\u00e3o deixem de acompanhar o blog, em breve vou trazer novidades e imagens dos meus casamentos e eventos de 2015, estou a espera das fotos oficiais dos meus colegas fot\u00f3grafos!<\/div>\n<div style=\"text-align: justify;\"><\/div>\n<div style=\"text-align: justify;\">beijos e at\u00e9 o pr\u00f3ximo artigo;<\/div>\n<div style=\"text-align: justify;\"><\/div>\n<div style=\"text-align: justify;\">Bianca Oliveira, wedding planner &amp; event design.<\/div>\n","protected":false},"excerpt":{"rendered":"<p>Ol\u00e1 meninas; A \u00e9poca alta dos casamentos anda a for\u00e7a toda e nesta altura como voc\u00eas sabem resta-me pouqu\u00edssimo tempo para escrever artigos. Entretanto, vou tentar ser breve neste post porque pretendo vos mostrar algumas imagens bem giras de arranjos florais. Mesmo que voc\u00ea n\u00e3o tenha muito dinheiro para investir no aluguer dos acess\u00f3rios de decora\u00e7\u00e3o, ter arranjos que preencham os espa\u00e7os e que sejam giros ser\u00e1 de certeza uma bela cartada de mestre! Sua decoradora saber\u00e1 conjugar as melhores escolhas que v\u00e1 de encontro tanto com a atmosfera do&#8230;<\/p>\n","protected":false},"author":2,"featured_media":4875,"comment_status":"open","ping_status":"open","sticky":false,"template":"","format":"standard","meta":{"footnotes":""},"categories":[824],"tags":[862,856],"class_list":["post-4122","post","type-post","status-publish","format-standard","has-post-thumbnail","hentry","category-sem-categoria-pt","tag-arranjo","tag-blog"],"_links":{"self":[{"href":"https:\/\/dopedidoaoaltar.com\/en\/wp-json\/wp\/v2\/posts\/4122","targetHints":{"allow":["GET"]}}],"collection":[{"href":"https:\/\/dopedidoaoaltar.com\/en\/wp-json\/wp\/v2\/posts"}],"about":[{"href":"https:\/\/dopedidoaoaltar.com\/en\/wp-json\/wp\/v2\/types\/post"}],"author":[{"embeddable":true,"href":"https:\/\/dopedidoaoaltar.com\/en\/wp-json\/wp\/v2\/users\/2"}],"replies":[{"embeddable":true,"href":"https:\/\/dopedidoaoaltar.com\/en\/wp-json\/wp\/v2\/comments?post=4122"}],"version-history":[{"count":3,"href":"https:\/\/dopedidoaoaltar.com\/en\/wp-json\/wp\/v2\/posts\/4122\/revisions"}],"predecessor-version":[{"id":4879,"href":"https:\/\/dopedidoaoaltar.com\/en\/wp-json\/wp\/v2\/posts\/4122\/revisions\/4879"}],"wp:featuredmedia":[{"embeddable":true,"href":"https:\/\/dopedidoaoaltar.com\/en\/wp-json\/wp\/v2\/media\/4875"}],"wp:attachment":[{"href":"https:\/\/dopedidoaoaltar.com\/en\/wp-json\/wp\/v2\/media?parent=4122"}],"wp:term":[{"taxonomy":"category","embeddable":true,"href":"https:\/\/dopedidoaoaltar.com\/en\/wp-json\/wp\/v2\/categories?post=4122"},{"taxonomy":"post_tag","embeddable":true,"href":"https:\/\/dopedidoaoaltar.com\/en\/wp-json\/wp\/v2\/tags?post=4122"}],"curies":[{"name":"wp","href":"https:\/\/api.w.org\/{rel}","templated":true}]}}